{"id":3065,"date":"2023-04-26T09:12:04","date_gmt":"2023-04-26T07:12:04","guid":{"rendered":"https:\/\/uskcanoe.cz\/?p=3065"},"modified":"2023-06-14T13:53:52","modified_gmt":"2023-06-14T11:53:52","slug":"zavody-ceskeho-poharu-na-matlyde","status":"publish","type":"post","link":"https:\/\/uskcanoe.cz\/en\/zavody-ceskeho-poharu-na-matlyde\/","title":{"rendered":"Z\u00e1vody \u010desk\u00e9ho Poh\u00e1ru na Matyld\u011b"},"content":{"rendered":"\n<div class=\"wp-block-cover is-light\"><span aria-hidden=\"true\" class=\"wp-block-cover__background has-background-dim\"><\/span><img loading=\"lazy\" decoding=\"async\" width=\"1920\" height=\"1280\" class=\"wp-block-cover__image-background wp-image-3066\" alt=\"\" src=\"https:\/\/uskcanoe.cz\/wp-content\/uploads\/2023\/04\/usk_matylda.jpg\" data-object-fit=\"cover\" srcset=\"https:\/\/uskcanoe.cz\/wp-content\/uploads\/2023\/04\/usk_matylda.jpg 1920w, https:\/\/uskcanoe.cz\/wp-content\/uploads\/2023\/04\/usk_matylda-300x200.jpg 300w, https:\/\/uskcanoe.cz\/wp-content\/uploads\/2023\/04\/usk_matylda-1024x683.jpg 1024w, https:\/\/uskcanoe.cz\/wp-content\/uploads\/2023\/04\/usk_matylda-768x512.jpg 768w, https:\/\/uskcanoe.cz\/wp-content\/uploads\/2023\/04\/usk_matylda-1536x1024.jpg 1536w\" sizes=\"auto, (max-width: 1920px) 100vw, 1920px\" \/><div class=\"wp-block-cover__inner-container is-layout-flow wp-block-cover-is-layout-flow\">\n<p class=\"has-text-align-center has-large-font-size\"><mark style=\"background-color:rgba(0, 0, 0, 0)\" class=\"has-inline-color has-base-3-color\">\u010cP Matylda 2023<\/mark><\/p>\n<\/div><\/div>\n\n\n\n<div style=\"height:100px\" aria-hidden=\"true\" class=\"wp-block-spacer\"><\/div>\n\n\n\n<div class=\"wp-block-media-text alignwide has-media-on-the-right is-stacked-on-mobile\"><div class=\"wp-block-media-text__content\">\n<p>V sobotu a ned\u011bli 22.4. &#8211; 23.4. se 38 \u010dlen\u016f USK Praha z\u00fa\u010dastnilo z\u00e1vod\u016f na Matyld\u011b. Z\u00e1vodn\u00ed kategorie byly od mlad\u0161\u00edch \u017e\u00e1k\u016f a\u017e po juniory + veter\u00e1ny. Jednalo se o prvn\u00ed leto\u0161n\u00ed z\u00e1vody a velkou zkou\u0161ku, proto\u017ee v Praze byl t\u00fdden p\u0159ed z\u00e1vody vyhl\u00e1\u0161en 1. povod\u0148ov\u00fd stav a tr\u00e9nink na vod\u011b tud\u00ed\u017e nep\u0159ipadal v \u00favahu. S o to v\u011bt\u0161\u00ed vervou jsme se do z\u00e1vod\u016f pustili a na\u0161i z\u00e1vodn\u00edci p\u0159edvedli, \u017ee je pot\u0159eba se jich ob\u00e1vat a vyjeli si kr\u00e1sn\u00e1 m\u00edsta.<\/p>\n<\/div><figure class=\"wp-block-media-text__media\"><img loading=\"lazy\" decoding=\"async\" width=\"1024\" height=\"683\" src=\"https:\/\/uskcanoe.cz\/wp-content\/uploads\/2023\/04\/matylda_2-1024x683.jpg\" alt=\"\" class=\"wp-image-3067 size-full\" srcset=\"https:\/\/uskcanoe.cz\/wp-content\/uploads\/2023\/04\/matylda_2-1024x683.jpg 1024w, https:\/\/uskcanoe.cz\/wp-content\/uploads\/2023\/04\/matylda_2-300x200.jpg 300w, https:\/\/uskcanoe.cz\/wp-content\/uploads\/2023\/04\/matylda_2-768x512.jpg 768w, https:\/\/uskcanoe.cz\/wp-content\/uploads\/2023\/04\/matylda_2.jpg 1500w\" sizes=\"auto, (max-width: 1024px) 100vw, 1024px\" \/><\/figure><\/div>\n\n\n\n<div style=\"height:50px\" aria-hidden=\"true\" class=\"wp-block-spacer\"><\/div>\n\n\n\n<div class=\"wp-block-media-text alignwide is-stacked-on-mobile\"><figure class=\"wp-block-media-text__media\"><img loading=\"lazy\" decoding=\"async\" width=\"1024\" height=\"683\" src=\"https:\/\/uskcanoe.cz\/wp-content\/uploads\/2023\/04\/matylda_3-1024x683.jpg\" alt=\"\" class=\"wp-image-3068 size-full\" srcset=\"https:\/\/uskcanoe.cz\/wp-content\/uploads\/2023\/04\/matylda_3-1024x683.jpg 1024w, https:\/\/uskcanoe.cz\/wp-content\/uploads\/2023\/04\/matylda_3-300x200.jpg 300w, https:\/\/uskcanoe.cz\/wp-content\/uploads\/2023\/04\/matylda_3-768x512.jpg 768w, https:\/\/uskcanoe.cz\/wp-content\/uploads\/2023\/04\/matylda_3.jpg 1500w\" sizes=\"auto, (max-width: 1024px) 100vw, 1024px\" \/><\/figure><div class=\"wp-block-media-text__content\">\n<p>Z leto\u0161n\u00edch z\u00e1vod\u016f na Matyld\u011b si tedy USK odv\u00e1\u017e\u00ed:<\/p>\n\n\n\n<ul class=\"wp-block-list\">\n<li>3x prvn\u00ed m\u00edsta<\/li>\n\n\n\n<li>1x druh\u00e9 m\u00edsto<\/li>\n\n\n\n<li>8x t\u0159et\u00ed m\u00edsto<\/li>\n\n\n\n<li>5x \u010dtvrt\u00e9 nebo p\u00e1t\u00e9 m\u00edsto<\/li>\n<\/ul>\n<\/div><\/div>\n\n\n\n<div style=\"height:25px\" aria-hidden=\"true\" class=\"wp-block-spacer\"><\/div>\n\n\n\n<p>V\u0161em ostatn\u00edm z\u00fa\u010dastn\u011bn\u00edm tak\u00e9 samoz\u0159ejm\u011b gratulujeme a blahop\u0159ejeme k jejich v\u00fdkon\u016fm, zajet dlouhou tra\u0165 nen\u00ed jen tak. <\/p>\n\n\n\n<p>V\u00fdsledky z\u00e1vod\u016f: <a href=\"https:\/\/results.sportis.cz\/cs\/competitions\/2312\/\" target=\"_blank\" rel=\"noreferrer noopener\">https:\/\/results.sportis.cz\/cs\/competitions\/2312\/<\/a><\/p>\n\n\n\n<p>Fotky ze z\u00e1vod\u016f: <a href=\"https:\/\/usksprintkayakfans.rajce.idnes.cz\/I.CP_Vytrvalost_Most_Matylda_2023\/\" target=\"_blank\" rel=\"noreferrer noopener\">https:\/\/usksprintkayakfans.rajce.idnes.cz\/I.CP_Vytrvalost_Most_Matylda_2023\/<\/a><\/p>\n","protected":false},"excerpt":{"rendered":"<p>\u010cP Matylda 2023 V sobotu a ned\u011bli 22.4. &#8211; 23.4. se 38 \u010dlen\u016f USK Praha z\u00fa\u010dastnilo z\u00e1vod\u016f na Matyld\u011b. Z\u00e1vodn\u00ed kategorie byly od mlad\u0161\u00edch \u017e\u00e1k\u016f a\u017e po juniory + veter\u00e1ny. &#8230; <a title=\"Z\u00e1vody \u010desk\u00e9ho Poh\u00e1ru na Matyld\u011b\" class=\"read-more\" href=\"https:\/\/uskcanoe.cz\/en\/zavody-ceskeho-poharu-na-matlyde\/\" aria-label=\"More on Z\u00e1vody \u010desk\u00e9ho Poh\u00e1ru na Matyld\u011b\">Read more<\/a><\/p>\n","protected":false},"author":7,"featured_media":0,"comment_status":"closed","ping_status":"open","sticky":false,"template":"","format":"standard","meta":{"rank_math_lock_modified_date":false,"footnotes":""},"categories":[19],"tags":[],"class_list":["post-3065","post","type-post","status-publish","format-standard","hentry","category-aktuality"],"_links":{"self":[{"href":"https:\/\/uskcanoe.cz\/en\/wp-json\/wp\/v2\/posts\/3065","targetHints":{"allow":["GET"]}}],"collection":[{"href":"https:\/\/uskcanoe.cz\/en\/wp-json\/wp\/v2\/posts"}],"about":[{"href":"https:\/\/uskcanoe.cz\/en\/wp-json\/wp\/v2\/types\/post"}],"author":[{"embeddable":true,"href":"https:\/\/uskcanoe.cz\/en\/wp-json\/wp\/v2\/users\/7"}],"replies":[{"embeddable":true,"href":"https:\/\/uskcanoe.cz\/en\/wp-json\/wp\/v2\/comments?post=3065"}],"version-history":[{"count":9,"href":"https:\/\/uskcanoe.cz\/en\/wp-json\/wp\/v2\/posts\/3065\/revisions"}],"predecessor-version":[{"id":3165,"href":"https:\/\/uskcanoe.cz\/en\/wp-json\/wp\/v2\/posts\/3065\/revisions\/3165"}],"wp:attachment":[{"href":"https:\/\/uskcanoe.cz\/en\/wp-json\/wp\/v2\/media?parent=3065"}],"wp:term":[{"taxonomy":"category","embeddable":true,"href":"https:\/\/uskcanoe.cz\/en\/wp-json\/wp\/v2\/categories?post=3065"},{"taxonomy":"post_tag","embeddable":true,"href":"https:\/\/uskcanoe.cz\/en\/wp-json\/wp\/v2\/tags?post=3065"}],"curies":[{"name":"wp","href":"https:\/\/api.w.org\/{rel}","templated":true}]}}