{"id":3125,"date":"2023-05-18T14:59:52","date_gmt":"2023-05-18T12:59:52","guid":{"rendered":"https:\/\/uskcanoe.cz\/?p=3125"},"modified":"2023-06-14T13:52:47","modified_gmt":"2023-06-14T11:52:47","slug":"zavody-starsich-v-racicich","status":"publish","type":"post","link":"https:\/\/uskcanoe.cz\/en\/zavody-starsich-v-racicich\/","title":{"rendered":"Z\u00e1vody \"star\u0161\u00edch\" v Ra\u010dic\u00edch"},"content":{"rendered":"\n<div class=\"wp-block-cover is-light\"><span aria-hidden=\"true\" class=\"wp-block-cover__background has-background-dim\"><\/span><img loading=\"lazy\" decoding=\"async\" width=\"1920\" height=\"1280\" class=\"wp-block-cover__image-background wp-image-3126\" alt=\"\" src=\"https:\/\/uskcanoe.cz\/wp-content\/uploads\/2023\/05\/347229444_261701636270455_3878178982154918181_n.jpg\" data-object-fit=\"cover\" srcset=\"https:\/\/uskcanoe.cz\/wp-content\/uploads\/2023\/05\/347229444_261701636270455_3878178982154918181_n.jpg 1920w, https:\/\/uskcanoe.cz\/wp-content\/uploads\/2023\/05\/347229444_261701636270455_3878178982154918181_n-300x200.jpg 300w, https:\/\/uskcanoe.cz\/wp-content\/uploads\/2023\/05\/347229444_261701636270455_3878178982154918181_n-1024x683.jpg 1024w, https:\/\/uskcanoe.cz\/wp-content\/uploads\/2023\/05\/347229444_261701636270455_3878178982154918181_n-768x512.jpg 768w, https:\/\/uskcanoe.cz\/wp-content\/uploads\/2023\/05\/347229444_261701636270455_3878178982154918181_n-1536x1024.jpg 1536w\" sizes=\"auto, (max-width: 1920px) 100vw, 1920px\" \/><div class=\"wp-block-cover__inner-container is-layout-flow wp-block-cover-is-layout-flow\">\n<p class=\"has-text-align-center has-large-font-size\"><mark style=\"background-color:rgba(0, 0, 0, 0)\" class=\"has-inline-color has-base-3-color\">II. \u010cesk\u00fd poh\u00e1r v Ra\u010dic\u00edch<\/mark><\/p>\n<\/div><\/div>\n\n\n\n<div style=\"height:50px\" aria-hidden=\"true\" class=\"wp-block-spacer\"><\/div>\n\n\n\n<div class=\"wp-block-media-text alignwide has-media-on-the-right is-stacked-on-mobile\"><div class=\"wp-block-media-text__content\">\n<p>Zat\u00edmco dosp\u011bl\u00ed o v\u00edkendu z\u00e1vodili v Szegedu, \u017e\u00e1ci, dorostenci a junio\u0159i bojovali v r\u00e1mci 2. \u010cP v Ra\u010dic\u00edch. Program byl velmi n\u00e1ro\u010dn\u00fd, v\u0161echny kategorie si st\u0159ihly kil\u00e1k a p\u011btistovku na singlu a p\u011btistovku na deblu. <\/p>\n\n\n\n<p>Sez\u00f3na za\u010d\u00edn\u00e1 nab\u00edrat na tempu. M\u00e1me p\u0159ed sebou nabit\u00e9 t\u0159i t\u00fddny. Nejprve \u010dek\u00e1 v sobotu v\u011bt\u0161inu \u201cml\u00e1de\u017en\u00edk\u016f\u201d tradi\u010dn\u00ed z\u00e1vod v Nymburce, v dal\u0161\u00edm t\u00fddnu odj\u00ed\u017ed\u00ed v\u00fdb\u011br dorostenc\u016f, junior\u016f a senior\u016f do 23 let na mezin\u00e1rodn\u00ed regatu v Bratislav\u011b a v\u0161e vyvrchol\u00ed 3. \u010cP a z\u00e1rove\u0148 supernominac\u00ed v Ra\u010dic\u00edch. Tak n\u00e1m nezapome\u0148te fandit!<\/p>\n<\/div><figure class=\"wp-block-media-text__media\"><img loading=\"lazy\" decoding=\"async\" width=\"1024\" height=\"683\" src=\"https:\/\/uskcanoe.cz\/wp-content\/uploads\/2023\/05\/347140511_1288993868695408_5247871457239641019_n-1024x683.jpg\" alt=\"\" class=\"wp-image-3127 size-full\" srcset=\"https:\/\/uskcanoe.cz\/wp-content\/uploads\/2023\/05\/347140511_1288993868695408_5247871457239641019_n-1024x683.jpg 1024w, https:\/\/uskcanoe.cz\/wp-content\/uploads\/2023\/05\/347140511_1288993868695408_5247871457239641019_n-300x200.jpg 300w, https:\/\/uskcanoe.cz\/wp-content\/uploads\/2023\/05\/347140511_1288993868695408_5247871457239641019_n-768x512.jpg 768w, https:\/\/uskcanoe.cz\/wp-content\/uploads\/2023\/05\/347140511_1288993868695408_5247871457239641019_n-1536x1024.jpg 1536w, https:\/\/uskcanoe.cz\/wp-content\/uploads\/2023\/05\/347140511_1288993868695408_5247871457239641019_n.jpg 1920w\" sizes=\"auto, (max-width: 1024px) 100vw, 1024px\" \/><\/figure><\/div>\n\n\n\n<div style=\"height:60px\" aria-hidden=\"true\" class=\"wp-block-spacer\"><\/div>\n\n\n\n<div class=\"wp-block-media-text alignwide is-stacked-on-mobile\"><figure class=\"wp-block-media-text__media\"><img loading=\"lazy\" decoding=\"async\" width=\"1024\" height=\"683\" src=\"https:\/\/uskcanoe.cz\/wp-content\/uploads\/2023\/05\/347428086_802114191645591_7551356283681778717_n-1024x683.jpg\" alt=\"\" class=\"wp-image-3128 size-full\" srcset=\"https:\/\/uskcanoe.cz\/wp-content\/uploads\/2023\/05\/347428086_802114191645591_7551356283681778717_n-1024x683.jpg 1024w, https:\/\/uskcanoe.cz\/wp-content\/uploads\/2023\/05\/347428086_802114191645591_7551356283681778717_n-300x200.jpg 300w, https:\/\/uskcanoe.cz\/wp-content\/uploads\/2023\/05\/347428086_802114191645591_7551356283681778717_n-768x512.jpg 768w, https:\/\/uskcanoe.cz\/wp-content\/uploads\/2023\/05\/347428086_802114191645591_7551356283681778717_n-1536x1024.jpg 1536w, https:\/\/uskcanoe.cz\/wp-content\/uploads\/2023\/05\/347428086_802114191645591_7551356283681778717_n.jpg 1920w\" sizes=\"auto, (max-width: 1024px) 100vw, 1024px\" \/><\/figure><div class=\"wp-block-media-text__content\">\n<p>A na\u0161e medailov\u00e1 bilance?<\/p>\n\n\n\n<p>4x 1. m\u00edsto &#8211; Luk\u00e1\u0161 Sou\u010dek (K2 500, 1000), B\u00e1ra Sovov\u00e1 (K2 500), L\u016fca \u010cinovcov\u00e1 (K2 500)<\/p>\n\n\n\n<p>2x 2. m\u00edsto &#8211; B\u00e1ra Sovov\u00e1 (K1 1000), Maty\u00e1\u0161 Tich\u00fd a Marek Nykl (K2 500)<\/p>\n\n\n\n<p>4x 3. m\u00edsto &#8211; B\u00e1ra Sovov\u00e1 (K1 500), Luk\u00e1\u0161 Sou\u010dek (K1 500), \u0160t\u011bp\u00e1n Tejnora (K1 1000), Lucie Humhalov\u00e1 a Vendy Vacul\u00edkov\u00e1 (K2 500)<\/p>\n\n\n\n<p>Gratulujeme v\u0161em medailist\u016fm i t\u011bm, kte\u0159\u00ed p\u0159edvedli bojovn\u00fd v\u00fdkon na hranici sv\u00fdch mo\u017enost\u00ed.<\/p>\n\n\n\n<p>Kompletn\u00ed v\u00fdsledky ze z\u00e1vodu m\u016f\u017eete naj\u00edt na: <a href=\"https:\/\/results.sportis.cz\/cs\/competitions\/2316\/?fbclid=IwAR35IJFHQgOhbxaC0xy78WL7wZY8SW7SeNmU-KugDsvxQZlX6Q6rFqGom_I\" rel=\"noreferrer noopener\" target=\"_blank\">https:\/\/results.sportis.cz\/cs\/competitions\/2316\/<\/a><\/p>\n\n\n\n<p>Fotky ze z\u00e1vodu na: <a href=\"https:\/\/usksprintkayakfans.rajce.net\/?fbclid=IwAR1rrOU1PadKb9n971g34MHuYdLGb2SA1i2uxiYKCtyZVJIF3KP8GLxJuQY\" target=\"_blank\" rel=\"noreferrer noopener\">https:\/\/usksprintkayakfans.rajce.net\/<\/a><\/p>\n<\/div><\/div>\n","protected":false},"excerpt":{"rendered":"<p>II. \u010cesk\u00fd poh\u00e1r v Ra\u010dic\u00edch Zat\u00edmco dosp\u011bl\u00ed o v\u00edkendu z\u00e1vodili v Szegedu, \u017e\u00e1ci, dorostenci a junio\u0159i bojovali v r\u00e1mci 2. \u010cP v Ra\u010dic\u00edch. Program byl velmi n\u00e1ro\u010dn\u00fd, v\u0161echny kategorie si &#8230; <a title=\"Z\u00e1vody &quot;star\u0161\u00edch&quot; v Ra\u010dic\u00edch\" class=\"read-more\" href=\"https:\/\/uskcanoe.cz\/en\/zavody-starsich-v-racicich\/\" aria-label=\"More on Z\u00e1vody &quot;star\u0161\u00edch&quot; v Ra\u010dic\u00edch\">Read more<\/a><\/p>\n","protected":false},"author":7,"featured_media":0,"comment_status":"closed","ping_status":"open","sticky":false,"template":"","format":"standard","meta":{"rank_math_lock_modified_date":false,"footnotes":""},"categories":[19],"tags":[],"class_list":["post-3125","post","type-post","status-publish","format-standard","hentry","category-aktuality"],"_links":{"self":[{"href":"https:\/\/uskcanoe.cz\/en\/wp-json\/wp\/v2\/posts\/3125","targetHints":{"allow":["GET"]}}],"collection":[{"href":"https:\/\/uskcanoe.cz\/en\/wp-json\/wp\/v2\/posts"}],"about":[{"href":"https:\/\/uskcanoe.cz\/en\/wp-json\/wp\/v2\/types\/post"}],"author":[{"embeddable":true,"href":"https:\/\/uskcanoe.cz\/en\/wp-json\/wp\/v2\/users\/7"}],"replies":[{"embeddable":true,"href":"https:\/\/uskcanoe.cz\/en\/wp-json\/wp\/v2\/comments?post=3125"}],"version-history":[{"count":2,"href":"https:\/\/uskcanoe.cz\/en\/wp-json\/wp\/v2\/posts\/3125\/revisions"}],"predecessor-version":[{"id":3162,"href":"https:\/\/uskcanoe.cz\/en\/wp-json\/wp\/v2\/posts\/3125\/revisions\/3162"}],"wp:attachment":[{"href":"https:\/\/uskcanoe.cz\/en\/wp-json\/wp\/v2\/media?parent=3125"}],"wp:term":[{"taxonomy":"category","embeddable":true,"href":"https:\/\/uskcanoe.cz\/en\/wp-json\/wp\/v2\/categories?post=3125"},{"taxonomy":"post_tag","embeddable":true,"href":"https:\/\/uskcanoe.cz\/en\/wp-json\/wp\/v2\/tags?post=3125"}],"curies":[{"name":"wp","href":"https:\/\/api.w.org\/{rel}","templated":true}]}}