{"id":3146,"date":"2023-06-11T21:17:49","date_gmt":"2023-06-11T19:17:49","guid":{"rendered":"https:\/\/uskcanoe.cz\/?p=3146"},"modified":"2023-06-14T13:51:42","modified_gmt":"2023-06-14T11:51:42","slug":"nominacni-zavody-v-racicich","status":"publish","type":"post","link":"https:\/\/uskcanoe.cz\/en\/nominacni-zavody-v-racicich\/","title":{"rendered":"Nomina\u010dn\u00ed z\u00e1vody v Ra\u010dic\u00edch"},"content":{"rendered":"\n<div class=\"wp-block-cover is-light\"><span aria-hidden=\"true\" class=\"wp-block-cover__background has-background-dim\"><\/span><img loading=\"lazy\" decoding=\"async\" width=\"1732\" height=\"926\" class=\"wp-block-cover__image-background wp-image-3148\" alt=\"\" src=\"https:\/\/uskcanoe.cz\/wp-content\/uploads\/2023\/06\/racicemore.jpg\" data-object-fit=\"cover\" srcset=\"https:\/\/uskcanoe.cz\/wp-content\/uploads\/2023\/06\/racicemore.jpg 1732w, https:\/\/uskcanoe.cz\/wp-content\/uploads\/2023\/06\/racicemore-300x160.jpg 300w, https:\/\/uskcanoe.cz\/wp-content\/uploads\/2023\/06\/racicemore-1024x547.jpg 1024w, https:\/\/uskcanoe.cz\/wp-content\/uploads\/2023\/06\/racicemore-768x411.jpg 768w, https:\/\/uskcanoe.cz\/wp-content\/uploads\/2023\/06\/racicemore-1536x821.jpg 1536w\" sizes=\"auto, (max-width: 1732px) 100vw, 1732px\" \/><div class=\"wp-block-cover__inner-container is-layout-flow wp-block-cover-is-layout-flow\">\n<p class=\"has-text-align-center has-large-font-size\"><mark style=\"background-color:rgba(0, 0, 0, 0)\" class=\"has-inline-color has-base-3-color\">3. \u010cP. ml\u00e1de\u017ee<\/mark><\/p>\n<\/div><\/div>\n\n\n\n<div style=\"height:60px\" aria-hidden=\"true\" class=\"wp-block-spacer\"><\/div>\n\n\n\n<div class=\"wp-block-media-text alignwide is-stacked-on-mobile\"><figure class=\"wp-block-media-text__media\"><img loading=\"lazy\" decoding=\"async\" width=\"1024\" height=\"683\" src=\"https:\/\/uskcanoe.cz\/wp-content\/uploads\/2023\/06\/06032023_DSC_1564-1024x683.jpg\" alt=\"\" class=\"wp-image-3150 size-full\" srcset=\"https:\/\/uskcanoe.cz\/wp-content\/uploads\/2023\/06\/06032023_DSC_1564-1024x683.jpg 1024w, https:\/\/uskcanoe.cz\/wp-content\/uploads\/2023\/06\/06032023_DSC_1564-300x200.jpg 300w, https:\/\/uskcanoe.cz\/wp-content\/uploads\/2023\/06\/06032023_DSC_1564-768x512.jpg 768w, https:\/\/uskcanoe.cz\/wp-content\/uploads\/2023\/06\/06032023_DSC_1564-1536x1024.jpg 1536w, https:\/\/uskcanoe.cz\/wp-content\/uploads\/2023\/06\/06032023_DSC_1564.jpg 1920w\" sizes=\"auto, (max-width: 1024px) 100vw, 1024px\" \/><\/figure><div class=\"wp-block-media-text__content\">\n<p>M\u00e1me za sebou nomina\u010dn\u00ed z\u00e1vod dosp\u011bl\u00fdch a junior\u016f a z\u00e1rove\u0148 3. \u010cP ml\u00e1de\u017ee. V Ra\u010dic\u00edch \u0161lo tentokr\u00e1t opravdu o hodn\u011b &#8211; t\u011bm \u201cstar\u0161\u00edm\u201d o nominaci na mezin\u00e1rodn\u00ed z\u00e1vody (ME, MS, ME a MS junior\u016f do 23 let), t\u011bm mlad\u0161\u00edm o sb\u00edr\u00e1n\u00ed zku\u0161enost\u00ed a z\u00e1rove\u0148 bod\u016f do SCM. A jak u\u017e to na takto d\u016fle\u017eit\u00fdch z\u00e1vodech b\u00fdv\u00e1, v USK stanu to bylo s emocemi jako na houpa\u010dce. Nervozita, pot, \u0161t\u011bst\u00ed, sm\u00edch, slzy, panika, euforie, v\u0161e l\u00edtalo vzduchem st\u00e1le dokola. K velk\u00fdm z\u00e1vod\u016fm tyto v\u011bci prost\u011b pat\u0159\u00ed.<\/p>\n<\/div><\/div>\n\n\n\n<div style=\"height:59px\" aria-hidden=\"true\" class=\"wp-block-spacer\"><\/div>\n\n\n\n<div class=\"wp-block-media-text alignwide has-media-on-the-right is-stacked-on-mobile\"><div class=\"wp-block-media-text__content\">\n<p>V\u011bt\u0161inou to ale dob\u0159e dopadlo a nakonec jsme st\u00e1li na stupn\u00edch v\u00edt\u011bz\u016f celkov\u011b 38x &#8211; 13x na prvn\u00edm m\u00edst\u011b, 16x na druh\u00e9m a 9x na t\u0159et\u00edm. Mezi na\u0161e nej\u00fasp\u011b\u0161n\u011bj\u0161\u00ed z\u00e1vodnice pat\u0159ily Ane\u017eka Paloudov\u00e1 a Denisa \u0158\u00e1hov\u00e1, kter\u00fdm se povedlo prom\u011bnit ve v\u00fdhru v\u0161echny sv\u00e9 starty. Hodn\u011b si cen\u00edme i toho, \u017ee na\u0161e kajak\u00e1\u0159ky dok\u00e1zaly z\u00edskat medaili ve v\u0161ech v\u011bkov\u00fdch kategori\u00edch, a to dokonce zlatou. Kajak\u00e1\u0159\u016fm u\u017e chyb\u00ed zabodovat pouze v kategorii \u017e\u00e1kovsk\u00e9. A kdo se z na\u0161ich z\u00e1vodn\u00edk\u016f kam nominoval? To V\u00e1m d\u00e1me brzy v\u011bd\u011bt, a\u0165 v\u00edte, kdy komu fandit. Gratulujeme a d\u011bkujeme v\u0161em za bojovn\u00e9 v\u00fdkony.<\/p>\n<\/div><figure class=\"wp-block-media-text__media\"><img loading=\"lazy\" decoding=\"async\" width=\"1024\" height=\"683\" src=\"https:\/\/uskcanoe.cz\/wp-content\/uploads\/2023\/06\/06022023_DSC_1086-1024x683.jpg\" alt=\"\" class=\"wp-image-3151 size-full\" srcset=\"https:\/\/uskcanoe.cz\/wp-content\/uploads\/2023\/06\/06022023_DSC_1086-1024x683.jpg 1024w, https:\/\/uskcanoe.cz\/wp-content\/uploads\/2023\/06\/06022023_DSC_1086-300x200.jpg 300w, https:\/\/uskcanoe.cz\/wp-content\/uploads\/2023\/06\/06022023_DSC_1086-768x512.jpg 768w, https:\/\/uskcanoe.cz\/wp-content\/uploads\/2023\/06\/06022023_DSC_1086-1536x1024.jpg 1536w, https:\/\/uskcanoe.cz\/wp-content\/uploads\/2023\/06\/06022023_DSC_1086.jpg 1920w\" sizes=\"auto, (max-width: 1024px) 100vw, 1024px\" \/><\/figure><\/div>\n\n\n\n<p>V\u00fdsledky: <a href=\"https:\/\/results.sportis.cz\/cs\/competitions\/2318\/\" target=\"_blank\" rel=\"noreferrer noopener\">https:\/\/results.sportis.cz\/cs\/competitions\/2318\/<\/a><\/p>\n\n\n\n<p>Fotky: <a href=\"https:\/\/usksprintkayakfans.rajce.idnes.cz\/III._CP_Racice\/\" target=\"_blank\" rel=\"noreferrer noopener\">https:\/\/usksprintkayakfans.rajce.idnes.cz\/III._CP_Racice\/<\/a><\/p>\n","protected":false},"excerpt":{"rendered":"<p>3. \u010cP. ml\u00e1de\u017ee M\u00e1me za sebou nomina\u010dn\u00ed z\u00e1vod dosp\u011bl\u00fdch a junior\u016f a z\u00e1rove\u0148 3. \u010cP ml\u00e1de\u017ee. V Ra\u010dic\u00edch \u0161lo tentokr\u00e1t opravdu o hodn\u011b &#8211; t\u011bm \u201cstar\u0161\u00edm\u201d o nominaci na mezin\u00e1rodn\u00ed &#8230; <a title=\"Nomina\u010dn\u00ed z\u00e1vody v Ra\u010dic\u00edch\" class=\"read-more\" href=\"https:\/\/uskcanoe.cz\/en\/nominacni-zavody-v-racicich\/\" aria-label=\"More on Nomina\u010dn\u00ed z\u00e1vody v Ra\u010dic\u00edch\">Read more<\/a><\/p>\n","protected":false},"author":7,"featured_media":0,"comment_status":"closed","ping_status":"open","sticky":false,"template":"","format":"standard","meta":{"rank_math_lock_modified_date":false,"footnotes":""},"categories":[19],"tags":[],"class_list":["post-3146","post","type-post","status-publish","format-standard","hentry","category-aktuality"],"_links":{"self":[{"href":"https:\/\/uskcanoe.cz\/en\/wp-json\/wp\/v2\/posts\/3146","targetHints":{"allow":["GET"]}}],"collection":[{"href":"https:\/\/uskcanoe.cz\/en\/wp-json\/wp\/v2\/posts"}],"about":[{"href":"https:\/\/uskcanoe.cz\/en\/wp-json\/wp\/v2\/types\/post"}],"author":[{"embeddable":true,"href":"https:\/\/uskcanoe.cz\/en\/wp-json\/wp\/v2\/users\/7"}],"replies":[{"embeddable":true,"href":"https:\/\/uskcanoe.cz\/en\/wp-json\/wp\/v2\/comments?post=3146"}],"version-history":[{"count":2,"href":"https:\/\/uskcanoe.cz\/en\/wp-json\/wp\/v2\/posts\/3146\/revisions"}],"predecessor-version":[{"id":3159,"href":"https:\/\/uskcanoe.cz\/en\/wp-json\/wp\/v2\/posts\/3146\/revisions\/3159"}],"wp:attachment":[{"href":"https:\/\/uskcanoe.cz\/en\/wp-json\/wp\/v2\/media?parent=3146"}],"wp:term":[{"taxonomy":"category","embeddable":true,"href":"https:\/\/uskcanoe.cz\/en\/wp-json\/wp\/v2\/categories?post=3146"},{"taxonomy":"post_tag","embeddable":true,"href":"https:\/\/uskcanoe.cz\/en\/wp-json\/wp\/v2\/tags?post=3146"}],"curies":[{"name":"wp","href":"https:\/\/api.w.org\/{rel}","templated":true}]}}