{"id":3154,"date":"2023-06-14T13:47:59","date_gmt":"2023-06-14T11:47:59","guid":{"rendered":"https:\/\/uskcanoe.cz\/?p=3154"},"modified":"2023-06-14T13:48:01","modified_gmt":"2023-06-14T11:48:01","slug":"zavody-benjaminku-v-cernozicich","status":"publish","type":"post","link":"https:\/\/uskcanoe.cz\/en\/zavody-benjaminku-v-cernozicich\/","title":{"rendered":"Z\u00e1vody benjam\u00ednk\u016f v \u010cerno\u017eic\u00edch"},"content":{"rendered":"\n<p><\/p>\n\n\n\n<div class=\"wp-block-cover\"><span aria-hidden=\"true\" class=\"wp-block-cover__background has-background-dim\"><\/span><img loading=\"lazy\" decoding=\"async\" width=\"2048\" height=\"1366\" class=\"wp-block-cover__image-background wp-image-3155\" alt=\"\" src=\"https:\/\/uskcanoe.cz\/wp-content\/uploads\/2023\/06\/353107563_1900455180329716_3093376039861800783_n.jpg\" data-object-fit=\"cover\" srcset=\"https:\/\/uskcanoe.cz\/wp-content\/uploads\/2023\/06\/353107563_1900455180329716_3093376039861800783_n.jpg 2048w, https:\/\/uskcanoe.cz\/wp-content\/uploads\/2023\/06\/353107563_1900455180329716_3093376039861800783_n-300x200.jpg 300w, https:\/\/uskcanoe.cz\/wp-content\/uploads\/2023\/06\/353107563_1900455180329716_3093376039861800783_n-1024x683.jpg 1024w, https:\/\/uskcanoe.cz\/wp-content\/uploads\/2023\/06\/353107563_1900455180329716_3093376039861800783_n-768x512.jpg 768w, https:\/\/uskcanoe.cz\/wp-content\/uploads\/2023\/06\/353107563_1900455180329716_3093376039861800783_n-1536x1025.jpg 1536w\" sizes=\"auto, (max-width: 2048px) 100vw, 2048px\" \/><div class=\"wp-block-cover__inner-container is-layout-flow wp-block-cover-is-layout-flow\">\n<p class=\"has-text-align-center has-large-font-size\">\u010cP benjam\u00ednk\u016f \u010cerno\u017eice<\/p>\n<\/div><\/div>\n\n\n\n<div style=\"height:60px\" aria-hidden=\"true\" class=\"wp-block-spacer\"><\/div>\n\n\n\n<div class=\"wp-block-media-text alignwide is-stacked-on-mobile\"><figure class=\"wp-block-media-text__media\"><img loading=\"lazy\" decoding=\"async\" width=\"1024\" height=\"683\" src=\"https:\/\/uskcanoe.cz\/wp-content\/uploads\/2023\/06\/354048564_152733291136450_4136890240585239111_n-1024x683.jpg\" alt=\"\" class=\"wp-image-3156 size-full\" srcset=\"https:\/\/uskcanoe.cz\/wp-content\/uploads\/2023\/06\/354048564_152733291136450_4136890240585239111_n-1024x683.jpg 1024w, https:\/\/uskcanoe.cz\/wp-content\/uploads\/2023\/06\/354048564_152733291136450_4136890240585239111_n-300x200.jpg 300w, https:\/\/uskcanoe.cz\/wp-content\/uploads\/2023\/06\/354048564_152733291136450_4136890240585239111_n-768x512.jpg 768w, https:\/\/uskcanoe.cz\/wp-content\/uploads\/2023\/06\/354048564_152733291136450_4136890240585239111_n-1536x1025.jpg 1536w, https:\/\/uskcanoe.cz\/wp-content\/uploads\/2023\/06\/354048564_152733291136450_4136890240585239111_n.jpg 2048w\" sizes=\"auto, (max-width: 1024px) 100vw, 1024px\" \/><\/figure><div class=\"wp-block-media-text__content\">\n<p>V ned\u011bli 11.6. jsme se z\u00fa\u010dastnili z\u00e1vod\u016f benjam\u00ednk\u016f v \u010cerno\u017eic\u00edch. I p\u0159es odjezd v 6 r\u00e1no byla n\u00e1lada vesel\u00e1 a cesta slune\u010dn\u00e1. Na\u0161e v\u00fdprava s 20 \u00fa\u010dasn\u00edky startovala na trat\u00edch k1 200m, k2 500m a k2 1000m a k4 200m. Na singlu byli nej\u00fasp\u011b\u0161nej\u0161\u00ed Dan H\u016flka, kter\u00fd vybojoval bronzovou medaili a J\u00e1chym Rott se stejn\u00fdm um\u00edst\u011bn\u00edm. Doslova o chlup unikl bronz Matymu H\u016flkovi a Adamu Mari\u010d\u00e1kovu, kte\u0159\u00ed do c\u00edle doplavali. Janek Lo\u0161\u0165\u00e1k a Tonda B\u0159ez\u00edk se probojovali do fin\u00e1le B. Dal\u0161\u00ed medaili vylovili sourozenci H\u016flkovi na deblu na p\u011btistovce, byla to tak\u00e9 bronzov\u00e1.<\/p>\n<\/div><\/div>\n\n\n\n<div style=\"height:60px\" aria-hidden=\"true\" class=\"wp-block-spacer\"><\/div>\n\n\n\n<div class=\"wp-block-media-text alignwide has-media-on-the-right is-stacked-on-mobile\"><div class=\"wp-block-media-text__content\">\n<p>Nejv\u011bt\u0161\u00edm z\u00e1\u017eitkem pro z\u00fa\u010dastn\u011bn\u00e9 i pro div\u00e1ky byla discipl\u00edna \u010dtyr\u00e1k\u016f. V klu\u010di\u010d\u00ed kategorii jsme vypravili t\u0159i pos\u00e1dky z nich\u017e jedna vybojovala bronzovou medaili a to ve slo\u017een\u00ed Jan Lo\u0161\u0165\u00e1k, Tonda B\u0159ez\u00edk, Maty\u00e1\u0161 a Dan H\u016flkovi. Dal\u0161\u00ed pos\u00e1dky v\u010detn\u011b hol\u010di\u010d\u00edho \u010dtyr\u00e1ku si u\u017eili z\u00e1bavu a vybojovali p\u011bkn\u00e1 um\u00edst\u011bn\u00ed. Posledn\u00edm z\u00e1vodem byl dvoukil\u00e1k na deblu. Nejlep\u0161\u00edm um\u00edst\u011bn\u00edm bylo 5.m\u00edsto Am\u00e1lky Kopeck\u00e9 a Jolanky Ned\u011blkov\u00e9. Dal\u0161\u00edm p\u011bkn\u00fdm m\u00edstem bylo 7. \u00c1ji Lo\u0161\u0165\u00e1kov\u00e9 a Viki \u010cinovcov\u00e9, stejn\u00e9 m\u00edsto vybojovali \u0160t\u011bp\u00e1n Karban a Oliver Ness.<\/p>\n<\/div><figure class=\"wp-block-media-text__media\"><img loading=\"lazy\" decoding=\"async\" width=\"1024\" height=\"683\" src=\"https:\/\/uskcanoe.cz\/wp-content\/uploads\/2023\/06\/352804270_217165134525328_114668344308403533_n-1024x683.jpg\" alt=\"\" class=\"wp-image-3157 size-full\" srcset=\"https:\/\/uskcanoe.cz\/wp-content\/uploads\/2023\/06\/352804270_217165134525328_114668344308403533_n-1024x683.jpg 1024w, https:\/\/uskcanoe.cz\/wp-content\/uploads\/2023\/06\/352804270_217165134525328_114668344308403533_n-300x200.jpg 300w, https:\/\/uskcanoe.cz\/wp-content\/uploads\/2023\/06\/352804270_217165134525328_114668344308403533_n-768x512.jpg 768w, https:\/\/uskcanoe.cz\/wp-content\/uploads\/2023\/06\/352804270_217165134525328_114668344308403533_n-1536x1025.jpg 1536w, https:\/\/uskcanoe.cz\/wp-content\/uploads\/2023\/06\/352804270_217165134525328_114668344308403533_n.jpg 2048w\" sizes=\"auto, (max-width: 1024px) 100vw, 1024px\" \/><\/figure><\/div>\n\n\n\n<p>V\u00fdsledky: <a href=\"https:\/\/results.sportis.cz\/cs\/competitions\/2319\/\" target=\"_blank\" rel=\"noreferrer noopener\">https:\/\/results.sportis.cz\/cs\/competitions\/2319\/<\/a><\/p>\n","protected":false},"excerpt":{"rendered":"<p>\u010cP benjam\u00ednk\u016f \u010cerno\u017eice V ned\u011bli 11.6. jsme se z\u00fa\u010dastnili z\u00e1vod\u016f benjam\u00ednk\u016f v \u010cerno\u017eic\u00edch. I p\u0159es odjezd v 6 r\u00e1no byla n\u00e1lada vesel\u00e1 a cesta slune\u010dn\u00e1. Na\u0161e v\u00fdprava s 20 \u00fa\u010dasn\u00edky &#8230; <a title=\"Z\u00e1vody benjam\u00ednk\u016f v \u010cerno\u017eic\u00edch\" class=\"read-more\" href=\"https:\/\/uskcanoe.cz\/en\/zavody-benjaminku-v-cernozicich\/\" aria-label=\"More on Z\u00e1vody benjam\u00ednk\u016f v \u010cerno\u017eic\u00edch\">Read more<\/a><\/p>\n","protected":false},"author":7,"featured_media":0,"comment_status":"closed","ping_status":"open","sticky":false,"template":"","format":"standard","meta":{"rank_math_lock_modified_date":false,"footnotes":""},"categories":[19],"tags":[],"class_list":["post-3154","post","type-post","status-publish","format-standard","hentry","category-aktuality"],"_links":{"self":[{"href":"https:\/\/uskcanoe.cz\/en\/wp-json\/wp\/v2\/posts\/3154","targetHints":{"allow":["GET"]}}],"collection":[{"href":"https:\/\/uskcanoe.cz\/en\/wp-json\/wp\/v2\/posts"}],"about":[{"href":"https:\/\/uskcanoe.cz\/en\/wp-json\/wp\/v2\/types\/post"}],"author":[{"embeddable":true,"href":"https:\/\/uskcanoe.cz\/en\/wp-json\/wp\/v2\/users\/7"}],"replies":[{"embeddable":true,"href":"https:\/\/uskcanoe.cz\/en\/wp-json\/wp\/v2\/comments?post=3154"}],"version-history":[{"count":1,"href":"https:\/\/uskcanoe.cz\/en\/wp-json\/wp\/v2\/posts\/3154\/revisions"}],"predecessor-version":[{"id":3158,"href":"https:\/\/uskcanoe.cz\/en\/wp-json\/wp\/v2\/posts\/3154\/revisions\/3158"}],"wp:attachment":[{"href":"https:\/\/uskcanoe.cz\/en\/wp-json\/wp\/v2\/media?parent=3154"}],"wp:term":[{"taxonomy":"category","embeddable":true,"href":"https:\/\/uskcanoe.cz\/en\/wp-json\/wp\/v2\/categories?post=3154"},{"taxonomy":"post_tag","embeddable":true,"href":"https:\/\/uskcanoe.cz\/en\/wp-json\/wp\/v2\/tags?post=3154"}],"curies":[{"name":"wp","href":"https:\/\/api.w.org\/{rel}","templated":true}]}}