{"id":3227,"date":"2023-07-04T22:33:06","date_gmt":"2023-07-04T20:33:06","guid":{"rendered":"https:\/\/uskcanoe.cz\/?p=3227"},"modified":"2023-07-27T21:35:03","modified_gmt":"2023-07-27T19:35:03","slug":"nasi-reprezentanti-na-evropskych-hrach","status":"publish","type":"post","link":"https:\/\/uskcanoe.cz\/en\/nasi-reprezentanti-na-evropskych-hrach\/","title":{"rendered":"Na\u0161i reprezentanti na Evropsk\u00fdch hr\u00e1ch"},"content":{"rendered":"\n<p><\/p>\n\n\n\n<div class=\"wp-block-cover is-light\"><span aria-hidden=\"true\" class=\"wp-block-cover__background has-background-dim\"><\/span><img loading=\"lazy\" decoding=\"async\" width=\"1440\" height=\"810\" class=\"wp-block-cover__image-background wp-image-3228\" alt=\"\" src=\"https:\/\/uskcanoe.cz\/wp-content\/uploads\/2023\/07\/347551003_1153557032249834_3543641141930945271_n.jpg\" data-object-fit=\"cover\" srcset=\"https:\/\/uskcanoe.cz\/wp-content\/uploads\/2023\/07\/347551003_1153557032249834_3543641141930945271_n.jpg 1440w, https:\/\/uskcanoe.cz\/wp-content\/uploads\/2023\/07\/347551003_1153557032249834_3543641141930945271_n-300x169.jpg 300w, https:\/\/uskcanoe.cz\/wp-content\/uploads\/2023\/07\/347551003_1153557032249834_3543641141930945271_n-1024x576.jpg 1024w, https:\/\/uskcanoe.cz\/wp-content\/uploads\/2023\/07\/347551003_1153557032249834_3543641141930945271_n-768x432.jpg 768w\" sizes=\"auto, (max-width: 1440px) 100vw, 1440px\" \/><div class=\"wp-block-cover__inner-container is-layout-flow wp-block-cover-is-layout-flow\">\n<p class=\"has-text-align-center has-large-font-size\"><mark style=\"background-color:rgba(0, 0, 0, 0)\" class=\"has-inline-color has-base-3-color\">Evropsk\u00e9 hry Krakov<\/mark><\/p>\n<\/div><\/div>\n\n\n\n<div style=\"height:60px\" aria-hidden=\"true\" class=\"wp-block-spacer\"><\/div>\n\n\n\n<div class=\"wp-block-media-text alignwide has-media-on-the-right is-stacked-on-mobile\"><div class=\"wp-block-media-text__content\">\n<p>Ur\u010dit\u011b jste sly\u0161eli, \u017ee se v polsk\u00e9m Krakov\u011b konaly t\u0159et\u00ed Evropsk\u00e9 hry. Sou\u010d\u00e1st\u00ed evropsk\u00fdch her je v\u017edy i rychlostn\u00ed kanoistika, kde se tento z\u00e1vod po\u0159\u00e1d\u00e1 m\u00edsto mistrovstv\u00ed Evropy. A\u010dkoli jsou m\u00edsta na evropsk\u00fdch hr\u00e1ch omezen\u00e1, dok\u00e1zalo se do \u010desk\u00e9 reprezentace prob\u00edt sedm sovi\u010dek &#8211; Jakub Zav\u0159el, Ane\u017eka Paloudov\u00e1, B\u00e1ra Betlachov\u00e1, Ka\u010dka Z\u00e1rubov\u00e1, \u00c1d\u00e9la H\u00e1zov\u00e1, Denisa \u0158\u00e1hov\u00e1 a Martina Mal\u00edkov\u00e1.<\/p>\n<\/div><figure class=\"wp-block-media-text__media\"><img loading=\"lazy\" decoding=\"async\" width=\"819\" height=\"1024\" src=\"https:\/\/uskcanoe.cz\/wp-content\/uploads\/2023\/07\/347383069_1153557012249836_2463940313658029027_n-819x1024.jpg\" alt=\"\" class=\"wp-image-3229 size-full\" srcset=\"https:\/\/uskcanoe.cz\/wp-content\/uploads\/2023\/07\/347383069_1153557012249836_2463940313658029027_n-819x1024.jpg 819w, https:\/\/uskcanoe.cz\/wp-content\/uploads\/2023\/07\/347383069_1153557012249836_2463940313658029027_n-240x300.jpg 240w, https:\/\/uskcanoe.cz\/wp-content\/uploads\/2023\/07\/347383069_1153557012249836_2463940313658029027_n-768x960.jpg 768w, https:\/\/uskcanoe.cz\/wp-content\/uploads\/2023\/07\/347383069_1153557012249836_2463940313658029027_n.jpg 1121w\" sizes=\"auto, (max-width: 819px) 100vw, 819px\" \/><\/figure><\/div>\n\n\n\n<div style=\"height:60px\" aria-hidden=\"true\" class=\"wp-block-spacer\"><\/div>\n\n\n\n<div class=\"wp-block-media-text alignwide is-stacked-on-mobile\"><figure class=\"wp-block-media-text__media\"><img loading=\"lazy\" decoding=\"async\" width=\"819\" height=\"1024\" src=\"https:\/\/uskcanoe.cz\/wp-content\/uploads\/2023\/07\/348591270_1153557015583169_6087188116454443785_n-819x1024.jpg\" alt=\"\" class=\"wp-image-3230 size-full\" srcset=\"https:\/\/uskcanoe.cz\/wp-content\/uploads\/2023\/07\/348591270_1153557015583169_6087188116454443785_n-819x1024.jpg 819w, https:\/\/uskcanoe.cz\/wp-content\/uploads\/2023\/07\/348591270_1153557015583169_6087188116454443785_n-240x300.jpg 240w, https:\/\/uskcanoe.cz\/wp-content\/uploads\/2023\/07\/348591270_1153557015583169_6087188116454443785_n-768x960.jpg 768w, https:\/\/uskcanoe.cz\/wp-content\/uploads\/2023\/07\/348591270_1153557015583169_6087188116454443785_n.jpg 1152w\" sizes=\"auto, (max-width: 819px) 100vw, 819px\" \/><\/figure><div class=\"wp-block-media-text__content\">\n<p>Tahle sestava neuv\u011b\u0159iteln\u011b zabojovala a vyjela celkem \u0161est fin\u00e1lov\u00fdch um\u00edst\u011bn\u00ed. <a><\/a>Ane\u017eka Paloudov\u00e1 dok\u00e1zala op\u011bt zaz\u00e1\u0159it a dojet si na olympijsk\u00e9 p\u011btistovce pro sedm\u00e9 m\u00edsto, spolu s B\u00e1rou Betlachovou, Ka\u010dkou Z\u00e1rubovou a Ad\u00e9lou H\u00e1zovou pak dofini\u0161ovaly pro kr\u00e1sn\u00e9 dev\u00e1t\u00e9 m\u00edsto na K4 500. Ve stejn\u00e9 discipl\u00edn\u011b byl Kuba Zav\u0159el se sv\u00fdmi dukl\u00e1ck\u00fdmi par\u0165\u00e1ky sedm\u00fd, kdy\u017e v extr\u00e9mn\u011b vyrovnan\u00e9m z\u00e1vod\u011b chyb\u011blo k medaili minimum. Sedm\u00e1 dok\u00e1zala dojet i Mar\u0165a Mal\u00edkov\u00e1 na C1 500, s Denisou na C2 500 braly dev\u00e1t\u00e9 m\u00edsto. Denisa pak je\u0161t\u011b p\u0159idala osm\u00e9 m\u00edsto v netradi\u010dn\u00ed discipl\u00edn\u011b C2 mix.<\/p>\n\n\n\n<p>Moc gratulujeme a t\u011b\u0161\u00edme se na dal\u0161\u00ed va\u0161e vystoupen\u00ed. Nyn\u00ed u\u017e dr\u017e\u00edme palce na\u0161im U23 a junior\u016fm na MSJ a U23, kter\u00e9 se od st\u0159edy kon\u00e1 v italsk\u00e9m Auronzu.<\/p>\n<\/div><\/div>\n\n\n\n<p>Foto: Rychlostn\u00ed kanoistika<\/p>\n","protected":false},"excerpt":{"rendered":"<p>Evropsk\u00e9 hry Krakov Ur\u010dit\u011b jste sly\u0161eli, \u017ee se v polsk\u00e9m Krakov\u011b konaly t\u0159et\u00ed Evropsk\u00e9 hry. Sou\u010d\u00e1st\u00ed evropsk\u00fdch her je v\u017edy i rychlostn\u00ed kanoistika, kde se tento z\u00e1vod po\u0159\u00e1d\u00e1 m\u00edsto mistrovstv\u00ed &#8230; <a title=\"Na\u0161i reprezentanti na Evropsk\u00fdch hr\u00e1ch\" class=\"read-more\" href=\"https:\/\/uskcanoe.cz\/en\/nasi-reprezentanti-na-evropskych-hrach\/\" aria-label=\"More on Na\u0161i reprezentanti na Evropsk\u00fdch hr\u00e1ch\">Read more<\/a><\/p>\n","protected":false},"author":7,"featured_media":0,"comment_status":"closed","ping_status":"open","sticky":false,"template":"","format":"standard","meta":{"rank_math_lock_modified_date":false,"footnotes":""},"categories":[19],"tags":[],"class_list":["post-3227","post","type-post","status-publish","format-standard","hentry","category-aktuality"],"_links":{"self":[{"href":"https:\/\/uskcanoe.cz\/en\/wp-json\/wp\/v2\/posts\/3227","targetHints":{"allow":["GET"]}}],"collection":[{"href":"https:\/\/uskcanoe.cz\/en\/wp-json\/wp\/v2\/posts"}],"about":[{"href":"https:\/\/uskcanoe.cz\/en\/wp-json\/wp\/v2\/types\/post"}],"author":[{"embeddable":true,"href":"https:\/\/uskcanoe.cz\/en\/wp-json\/wp\/v2\/users\/7"}],"replies":[{"embeddable":true,"href":"https:\/\/uskcanoe.cz\/en\/wp-json\/wp\/v2\/comments?post=3227"}],"version-history":[{"count":2,"href":"https:\/\/uskcanoe.cz\/en\/wp-json\/wp\/v2\/posts\/3227\/revisions"}],"predecessor-version":[{"id":3239,"href":"https:\/\/uskcanoe.cz\/en\/wp-json\/wp\/v2\/posts\/3227\/revisions\/3239"}],"wp:attachment":[{"href":"https:\/\/uskcanoe.cz\/en\/wp-json\/wp\/v2\/media?parent=3227"}],"wp:term":[{"taxonomy":"category","embeddable":true,"href":"https:\/\/uskcanoe.cz\/en\/wp-json\/wp\/v2\/categories?post=3227"},{"taxonomy":"post_tag","embeddable":true,"href":"https:\/\/uskcanoe.cz\/en\/wp-json\/wp\/v2\/tags?post=3227"}],"curies":[{"name":"wp","href":"https:\/\/api.w.org\/{rel}","templated":true}]}}