{"id":3234,"date":"2023-07-27T21:33:07","date_gmt":"2023-07-27T19:33:07","guid":{"rendered":"https:\/\/uskcanoe.cz\/?p=3234"},"modified":"2023-07-27T21:34:40","modified_gmt":"2023-07-27T19:34:40","slug":"me-v-maratonu","status":"publish","type":"post","link":"https:\/\/uskcanoe.cz\/en\/me-v-maratonu\/","title":{"rendered":"ME v Maratonu"},"content":{"rendered":"\n<div class=\"wp-block-cover is-light\"><span aria-hidden=\"true\" class=\"wp-block-cover__background has-background-dim\"><\/span><img loading=\"lazy\" decoding=\"async\" width=\"640\" height=\"640\" class=\"wp-block-cover__image-background wp-image-3235\" alt=\"\" src=\"https:\/\/uskcanoe.cz\/wp-content\/uploads\/2023\/07\/362634645_1165084394430431_5010400226922697382_n.jpg\" data-object-fit=\"cover\" srcset=\"https:\/\/uskcanoe.cz\/wp-content\/uploads\/2023\/07\/362634645_1165084394430431_5010400226922697382_n.jpg 640w, https:\/\/uskcanoe.cz\/wp-content\/uploads\/2023\/07\/362634645_1165084394430431_5010400226922697382_n-300x300.jpg 300w, https:\/\/uskcanoe.cz\/wp-content\/uploads\/2023\/07\/362634645_1165084394430431_5010400226922697382_n-150x150.jpg 150w\" sizes=\"auto, (max-width: 640px) 100vw, 640px\" \/><div class=\"wp-block-cover__inner-container is-layout-flow wp-block-cover-is-layout-flow\">\n<p class=\"has-text-align-center has-large-font-size\"><mark style=\"background-color:rgba(0, 0, 0, 0)\" class=\"has-inline-color has-base-3-color\">ME Auronzo<\/mark><\/p>\n<\/div><\/div>\n\n\n\n<div style=\"height:60px\" aria-hidden=\"true\" class=\"wp-block-spacer\"><\/div>\n\n\n\n<div class=\"wp-block-media-text alignwide has-media-on-the-right is-stacked-on-mobile\"><div class=\"wp-block-media-text__content\">\n<p>Sotva jsme rozd\u00fdchali \u00fasp\u011bchy z Auronza, je tady dal\u0161\u00ed v\u00fdsledkov\u00e1 bomba. Na Mistrovstv\u00ed Evropy v maratonu jsme za\u017eili zlat\u00e9 \u017en\u011b. M\u00e1me dv\u011b novope\u010den\u00e9 MISTRYN\u011a EVROPY do 23 let!!! Pro prvn\u00ed m\u00edsto si nejprve dob\u011bhla a dojela kanoistka Al\u017eb\u011bta Veverkov\u00e1. Chv\u00edli po n\u00ed se fantastick\u00fdm posledn\u00edm p\u0159eb\u011bhem utrhla od soupe\u0159ek kajak\u00e1\u0159ka Kate\u0159ina M\u00edlov\u00e1 a rovn\u011b\u017e dofini\u0161ovala na prvn\u00edm m\u00edst\u011b. Ob\u011b holky k titulu v kategorii do 23 let p\u0159idaly je\u0161t\u011b \u010dtvrt\u00e1 m\u00edsta v dosp\u011bl\u00fdch. Dal\u0161\u00edmi p\u011bkn\u00fdmi v\u00fdsledky se prezentovali kanoista Jakub B\u0159ezina a juniorsk\u00fd kajak\u00e1\u0159 \u0160t\u011bp\u00e1n Tejnora. Oba brali kr\u00e1sn\u00e1 osm\u00e1 m\u00edsta.<\/p>\n\n\n\n<p>Gratulujeme!!!<\/p>\n<\/div><figure class=\"wp-block-media-text__media\"><img loading=\"lazy\" decoding=\"async\" width=\"640\" height=\"428\" src=\"https:\/\/uskcanoe.cz\/wp-content\/uploads\/2023\/07\/362636996_1165084384430432_6116868863298300338_n.jpg\" alt=\"\" class=\"wp-image-3236 size-full\" srcset=\"https:\/\/uskcanoe.cz\/wp-content\/uploads\/2023\/07\/362636996_1165084384430432_6116868863298300338_n.jpg 640w, https:\/\/uskcanoe.cz\/wp-content\/uploads\/2023\/07\/362636996_1165084384430432_6116868863298300338_n-300x201.jpg 300w\" sizes=\"auto, (max-width: 640px) 100vw, 640px\" \/><\/figure><\/div>\n\n\n\n<p class=\"has-text-align-right\">Foto: Rychlostn\u00ed kanoistika<\/p>\n","protected":false},"excerpt":{"rendered":"<p>ME Auronzo Sotva jsme rozd\u00fdchali \u00fasp\u011bchy z Auronza, je tady dal\u0161\u00ed v\u00fdsledkov\u00e1 bomba. Na Mistrovstv\u00ed Evropy v maratonu jsme za\u017eili zlat\u00e9 \u017en\u011b. M\u00e1me dv\u011b novope\u010den\u00e9 MISTRYN\u011a EVROPY do 23 let!!! &#8230; <a title=\"ME v Maratonu\" class=\"read-more\" href=\"https:\/\/uskcanoe.cz\/en\/me-v-maratonu\/\" aria-label=\"More on ME v Maratonu\">Read more<\/a><\/p>\n","protected":false},"author":7,"featured_media":0,"comment_status":"closed","ping_status":"open","sticky":false,"template":"","format":"standard","meta":{"rank_math_lock_modified_date":false,"footnotes":""},"categories":[19],"tags":[],"class_list":["post-3234","post","type-post","status-publish","format-standard","hentry","category-aktuality"],"_links":{"self":[{"href":"https:\/\/uskcanoe.cz\/en\/wp-json\/wp\/v2\/posts\/3234","targetHints":{"allow":["GET"]}}],"collection":[{"href":"https:\/\/uskcanoe.cz\/en\/wp-json\/wp\/v2\/posts"}],"about":[{"href":"https:\/\/uskcanoe.cz\/en\/wp-json\/wp\/v2\/types\/post"}],"author":[{"embeddable":true,"href":"https:\/\/uskcanoe.cz\/en\/wp-json\/wp\/v2\/users\/7"}],"replies":[{"embeddable":true,"href":"https:\/\/uskcanoe.cz\/en\/wp-json\/wp\/v2\/comments?post=3234"}],"version-history":[{"count":2,"href":"https:\/\/uskcanoe.cz\/en\/wp-json\/wp\/v2\/posts\/3234\/revisions"}],"predecessor-version":[{"id":3238,"href":"https:\/\/uskcanoe.cz\/en\/wp-json\/wp\/v2\/posts\/3234\/revisions\/3238"}],"wp:attachment":[{"href":"https:\/\/uskcanoe.cz\/en\/wp-json\/wp\/v2\/media?parent=3234"}],"wp:term":[{"taxonomy":"category","embeddable":true,"href":"https:\/\/uskcanoe.cz\/en\/wp-json\/wp\/v2\/categories?post=3234"},{"taxonomy":"post_tag","embeddable":true,"href":"https:\/\/uskcanoe.cz\/en\/wp-json\/wp\/v2\/tags?post=3234"}],"curies":[{"name":"wp","href":"https:\/\/api.w.org\/{rel}","templated":true}]}}