{"id":3279,"date":"2023-09-07T20:42:11","date_gmt":"2023-09-07T18:42:11","guid":{"rendered":"https:\/\/uskcanoe.cz\/?p=3279"},"modified":"2023-09-07T20:42:13","modified_gmt":"2023-09-07T18:42:13","slug":"mistrovstvi-sveta-dospelich","status":"publish","type":"post","link":"https:\/\/uskcanoe.cz\/en\/mistrovstvi-sveta-dospelich\/","title":{"rendered":"Mistrovstv\u00ed sv\u011bta dosp\u011bl\u00edch"},"content":{"rendered":"\n<p><\/p>\n\n\n\n<div class=\"wp-block-cover is-light\"><span aria-hidden=\"true\" class=\"wp-block-cover__background has-background-dim\"><\/span><img loading=\"lazy\" decoding=\"async\" width=\"1440\" height=\"959\" class=\"wp-block-cover__image-background wp-image-3280\" alt=\"\" src=\"https:\/\/uskcanoe.cz\/wp-content\/uploads\/2023\/09\/375015712_1189505735321630_144249668359446652_n.jpg\" data-object-fit=\"cover\" srcset=\"https:\/\/uskcanoe.cz\/wp-content\/uploads\/2023\/09\/375015712_1189505735321630_144249668359446652_n.jpg 1440w, https:\/\/uskcanoe.cz\/wp-content\/uploads\/2023\/09\/375015712_1189505735321630_144249668359446652_n-300x200.jpg 300w, https:\/\/uskcanoe.cz\/wp-content\/uploads\/2023\/09\/375015712_1189505735321630_144249668359446652_n-1024x682.jpg 1024w, https:\/\/uskcanoe.cz\/wp-content\/uploads\/2023\/09\/375015712_1189505735321630_144249668359446652_n-768x511.jpg 768w\" sizes=\"auto, (max-width: 1440px) 100vw, 1440px\" \/><div class=\"wp-block-cover__inner-container is-layout-constrained wp-block-cover-is-layout-constrained\">\n<p class=\"has-text-align-center has-large-font-size\"><mark style=\"background-color:rgba(0, 0, 0, 0)\" class=\"has-inline-color has-base-3-color\">Duisburg 2023<\/mark><\/p>\n<\/div><\/div>\n\n\n\n<div style=\"height:60px\" aria-hidden=\"true\" class=\"wp-block-spacer\"><\/div>\n\n\n\n<div class=\"wp-block-media-text is-stacked-on-mobile\"><figure class=\"wp-block-media-text__media\"><img loading=\"lazy\" decoding=\"async\" width=\"1024\" height=\"1024\" src=\"https:\/\/uskcanoe.cz\/wp-content\/uploads\/2023\/09\/373492358_1189505778654959_6834588099990080756_n-1024x1024.jpg\" alt=\"\" class=\"wp-image-3281 size-full\" srcset=\"https:\/\/uskcanoe.cz\/wp-content\/uploads\/2023\/09\/373492358_1189505778654959_6834588099990080756_n-1024x1024.jpg 1024w, https:\/\/uskcanoe.cz\/wp-content\/uploads\/2023\/09\/373492358_1189505778654959_6834588099990080756_n-300x300.jpg 300w, https:\/\/uskcanoe.cz\/wp-content\/uploads\/2023\/09\/373492358_1189505778654959_6834588099990080756_n-150x150.jpg 150w, https:\/\/uskcanoe.cz\/wp-content\/uploads\/2023\/09\/373492358_1189505778654959_6834588099990080756_n-768x768.jpg 768w, https:\/\/uskcanoe.cz\/wp-content\/uploads\/2023\/09\/373492358_1189505778654959_6834588099990080756_n.jpg 1286w\" sizes=\"auto, (max-width: 1024px) 100vw, 1024px\" \/><\/figure><div class=\"wp-block-media-text__content\">\n<p>Od 23. do 27. srpna se v n\u011bmeck\u00e9m Duisburgu konala nejd\u016fle\u017eit\u011bj\u0161\u00ed akce leto\u0161n\u00ed sez\u00f3ny &#8211; Mistrovstv\u00ed sv\u011bta dosp\u011bl\u00fdch, v r\u00e1mci kter\u00e9ho se vyj\u00ed\u017ed\u011bla olympijsk\u00e1 m\u00edsta. Z USK bylo sou\u010d\u00e1st\u00ed reprezenta\u010dn\u00edho dru\u017estva sedm sportovc\u016f &#8211; Jakub Zav\u0159el, Ane\u017eka Paloudov\u00e1, Barbora Betlachov\u00e1, Kate\u0159ina Z\u00e1rubov\u00e1, Ad\u00e9la H\u00e1zov\u00e1, Denisa \u0158\u00e1hov\u00e1 a Martina Mal\u00edkov\u00e1. V brut\u00e1ln\u00ed sv\u011btov\u00e9 konkurenci p\u0159edvedli na\u0161i z\u00e1vodn\u00edci bojovn\u00e9 v\u00fdkony, kter\u00e9 sta\u010dily na kr\u00e1sn\u00e9 v\u00fdsledky, bohu\u017eel ne na poko\u0159en\u00ed tvrd\u00e9 kv\u00f3ty olympijsk\u00fdch m\u00edstenek. <\/p>\n<\/div><\/div>\n\n\n\n<div style=\"height:60px\" aria-hidden=\"true\" class=\"wp-block-spacer\"><\/div>\n\n\n\n<div class=\"wp-block-media-text has-media-on-the-right is-stacked-on-mobile\"><div class=\"wp-block-media-text__content\">\n<p>Nejbl\u00ed\u017ee k vyjet\u00ed olympi\u00e1dy m\u011bla Denisa \u0158\u00e1hov\u00e1, kter\u00e1 skon\u010dila na celkov\u00e9m 13. m\u00edst\u011b, a \u017eensk\u00e1 K4 &#8211; \u00c1\u0148a, Ka\u010dka, B\u00e1ra, A\u010fa, kter\u00e1 vybojovala 15. m\u00edsto. Ane\u017eka pak na singlu 500 dofini\u0161ovala na 16. m\u00edst\u011b. Nejvy\u0161\u0161\u00ed ambice na vyjet\u00ed olympi\u00e1dy m\u011bl z na\u0161ich z\u00e1vodn\u00edk\u016f Jakub Zav\u0159el, jeho \u010dty\u0159kajak ale bohu\u017eel dokon\u010dil z\u00e1vod na 18. m\u00edst\u011b. Martina Mal\u00edkov\u00e1 v kategorii C2 500 dojela se svou deblistkou sedmnact\u00e1. Velkou radost n\u00e1m ud\u011blaly z\u00e1v\u011bre\u010dn\u00e9 p\u011btikil\u00e1ky, kdy pr\u00e1v\u011b Mar\u0165a protnula pomyslnou c\u00edlovou p\u00e1sku na n\u00e1dhern\u00e9m p\u00e1t\u00e9m m\u00edst\u011b a \u00c1\u0148a na m\u00edst\u011b dev\u00e1t\u00e9m.<\/p>\n\n\n\n<p>Gratulujeme ke kr\u00e1sn\u00fdm v\u00fdsledk\u016fm a d\u011bkujeme za perfektn\u00ed celoro\u010dn\u00ed reprezentaci!<\/p>\n<\/div><figure class=\"wp-block-media-text__media\"><img loading=\"lazy\" decoding=\"async\" width=\"819\" height=\"1024\" src=\"https:\/\/uskcanoe.cz\/wp-content\/uploads\/2023\/09\/375043502_1189505795321624_6663925266249859681_n-819x1024.jpg\" alt=\"\" class=\"wp-image-3282 size-full\" srcset=\"https:\/\/uskcanoe.cz\/wp-content\/uploads\/2023\/09\/375043502_1189505795321624_6663925266249859681_n-819x1024.jpg 819w, https:\/\/uskcanoe.cz\/wp-content\/uploads\/2023\/09\/375043502_1189505795321624_6663925266249859681_n-240x300.jpg 240w, https:\/\/uskcanoe.cz\/wp-content\/uploads\/2023\/09\/375043502_1189505795321624_6663925266249859681_n-768x960.jpg 768w, https:\/\/uskcanoe.cz\/wp-content\/uploads\/2023\/09\/375043502_1189505795321624_6663925266249859681_n-1229x1536.jpg 1229w, https:\/\/uskcanoe.cz\/wp-content\/uploads\/2023\/09\/375043502_1189505795321624_6663925266249859681_n.jpg 1440w\" sizes=\"auto, (max-width: 819px) 100vw, 819px\" \/><\/figure><\/div>\n\n\n\n<p>Foto: Rychlostn\u00ed kanoistika<\/p>\n","protected":false},"excerpt":{"rendered":"<p>Duisburg 2023 Od 23. do 27. srpna se v n\u011bmeck\u00e9m Duisburgu konala nejd\u016fle\u017eit\u011bj\u0161\u00ed akce leto\u0161n\u00ed sez\u00f3ny &#8211; Mistrovstv\u00ed sv\u011bta dosp\u011bl\u00fdch, v r\u00e1mci kter\u00e9ho se vyj\u00ed\u017ed\u011bla olympijsk\u00e1 m\u00edsta. Z USK bylo &#8230; <a title=\"Mistrovstv\u00ed sv\u011bta dosp\u011bl\u00edch\" class=\"read-more\" href=\"https:\/\/uskcanoe.cz\/en\/mistrovstvi-sveta-dospelich\/\" aria-label=\"More on Mistrovstv\u00ed sv\u011bta dosp\u011bl\u00edch\">Read more<\/a><\/p>\n","protected":false},"author":7,"featured_media":0,"comment_status":"closed","ping_status":"open","sticky":false,"template":"","format":"standard","meta":{"rank_math_lock_modified_date":false,"footnotes":""},"categories":[19],"tags":[],"class_list":["post-3279","post","type-post","status-publish","format-standard","hentry","category-aktuality"],"_links":{"self":[{"href":"https:\/\/uskcanoe.cz\/en\/wp-json\/wp\/v2\/posts\/3279","targetHints":{"allow":["GET"]}}],"collection":[{"href":"https:\/\/uskcanoe.cz\/en\/wp-json\/wp\/v2\/posts"}],"about":[{"href":"https:\/\/uskcanoe.cz\/en\/wp-json\/wp\/v2\/types\/post"}],"author":[{"embeddable":true,"href":"https:\/\/uskcanoe.cz\/en\/wp-json\/wp\/v2\/users\/7"}],"replies":[{"embeddable":true,"href":"https:\/\/uskcanoe.cz\/en\/wp-json\/wp\/v2\/comments?post=3279"}],"version-history":[{"count":1,"href":"https:\/\/uskcanoe.cz\/en\/wp-json\/wp\/v2\/posts\/3279\/revisions"}],"predecessor-version":[{"id":3283,"href":"https:\/\/uskcanoe.cz\/en\/wp-json\/wp\/v2\/posts\/3279\/revisions\/3283"}],"wp:attachment":[{"href":"https:\/\/uskcanoe.cz\/en\/wp-json\/wp\/v2\/media?parent=3279"}],"wp:term":[{"taxonomy":"category","embeddable":true,"href":"https:\/\/uskcanoe.cz\/en\/wp-json\/wp\/v2\/categories?post=3279"},{"taxonomy":"post_tag","embeddable":true,"href":"https:\/\/uskcanoe.cz\/en\/wp-json\/wp\/v2\/tags?post=3279"}],"curies":[{"name":"wp","href":"https:\/\/api.w.org\/{rel}","templated":true}]}}