{"id":3285,"date":"2023-09-09T11:58:41","date_gmt":"2023-09-09T09:58:41","guid":{"rendered":"https:\/\/uskcanoe.cz\/?p=3285"},"modified":"2023-11-22T15:44:10","modified_gmt":"2023-11-22T14:44:10","slug":"lukas-soucek","status":"publish","type":"post","link":"https:\/\/uskcanoe.cz\/en\/lukas-soucek\/","title":{"rendered":"Luk\u00e1\u0161 Sou\u010dek"},"content":{"rendered":"\n<div class=\"wp-block-media-text has-media-on-the-right is-stacked-on-mobile\"><div class=\"wp-block-media-text__content\">\n<p><strong>Ro\u010dn\u00edk narozen\u00ed:<\/strong> 2005<\/p>\n\n\n\n<p><strong>Za\u010d\u00e1tky sportovn\u00ed \u201ckari\u00e9ry\u201d:<\/strong> 2015<\/p>\n\n\n\n<p><strong>Nejlep\u0161\u00ed v\u00fdsledek:<\/strong><\/p>\n\n\n\n<p>2023 &#8211; Mistrovstv\u00ed Sv\u011bta junior\u016f\u2013 2. m\u00edsto (K4&nbsp;500m)<\/p>\n\n\n\n<p>2023 &#8211; Mistrovstv\u00ed Evropy junior\u016f\u2013 1. m\u00edsto (K4&nbsp;500m)<\/p>\n\n\n\n<p><strong>Sportovn\u00ed c\u00edl\/sen:<\/strong> \u201c<em>M\u016fj celo\u017eivotn\u00ed sen je velmi skromn\u00fd\u2026 vyhr\u00e1t olympi\u00e1du (ide\u00e1ln\u011b ne jednou) a vstoupit jako legenda do \u201ckajak\u00e1\u0159sk\u00e9 s\u00edn\u011b sl\u00e1vy\u201d aby si mlad\u00fd kajak\u00e1\u0159i a lid\u00e9 \u0159ekli\u2026 \u201cjoo tohle je legenda\u201d.\u201d<\/em><\/p>\n\n\n\n<p><strong>Co ti kanoistika dala?<\/strong><\/p>\n\n\n\n<p><em>\u201c1. Extr<\/em><em>\u00e9mn\u00ed <\/em><em>discipl\u00ed<\/em><em>nu do \u017eivota.<\/em><\/p>\n\n\n\n<p><em>2. Schopnost n\u011b<\/em><em>co fakt ud\u011blat a \u010dinit se.<\/em><\/p>\n\n\n\n<p><em>3. Spoustu kamar\u00e1d\u016f, zn\u00e1m\u00fdch a kontakt\u016f.<\/em><\/p>\n\n\n\n<p><em>4. A jako bonus\u2026 t\u011blo \u0159eck<\/em><em>\u00e9ho boha.\u201d<\/em><\/p>\n\n\n\n<p><strong>Co bys \u0159ekl o USK?<\/strong><\/p>\n\n\n\n<p>\u201c<em>1. Nejlep\u0161\u00ed z\u00e1zem\u00ed a vybaven\u00ed v \u010cR.<\/em><\/p>\n\n\n\n<p><em>2. Z m\u00fdch zku\u0161enost\u00ed, kdy jsem vyst\u0159\u00ed<\/em><em>dal 3 odd\u00edly (asi nejv\u011bt\u0161\u00ed v \u010cR) mohu \u0159\u00ed<\/em><em>ct \u017ee na USK je za m\u011b <\/em><em>nejlid\u0161t\u011bj\u0161\u00ed a nejrozumn\u011bj\u0161\u00ed p\u0159\u00edstup.<\/em><\/p>\n\n\n\n<p><em>3. Skv\u011bl\u00fd kolektiv lid\u00ed, od d\u011bt\u00ed po z\u00e1vodn\u00edky a\u017e po tren<\/em><em>\u00e9ry.\u201d<\/em><\/p>\n<\/div><figure class=\"wp-block-media-text__media\"><img loading=\"lazy\" decoding=\"async\" width=\"826\" height=\"1024\" src=\"https:\/\/uskcanoe.cz\/wp-content\/uploads\/2023\/11\/DSC_1631-826x1024.jpg\" alt=\"\" class=\"wp-image-3369 size-full\" srcset=\"https:\/\/uskcanoe.cz\/wp-content\/uploads\/2023\/11\/DSC_1631-826x1024.jpg 826w, https:\/\/uskcanoe.cz\/wp-content\/uploads\/2023\/11\/DSC_1631-242x300.jpg 242w, https:\/\/uskcanoe.cz\/wp-content\/uploads\/2023\/11\/DSC_1631-768x952.jpg 768w, https:\/\/uskcanoe.cz\/wp-content\/uploads\/2023\/11\/DSC_1631-1239x1536.jpg 1239w, https:\/\/uskcanoe.cz\/wp-content\/uploads\/2023\/11\/DSC_1631-1653x2048.jpg 1653w\" sizes=\"auto, (max-width: 826px) 100vw, 826px\" \/><\/figure><\/div>\n\n\n\n<a class=\"gb-button gb-button-be55a6cc gb-button-text\" href=\"https:\/\/uskcanoe.cz\/reprezentanti\/\">zp\u011bt<\/a>\n","protected":false},"excerpt":{"rendered":"<p>Ro\u010dn\u00edk narozen\u00ed: 2005 Za\u010d\u00e1tky sportovn\u00ed \u201ckari\u00e9ry\u201d: 2015 Nejlep\u0161\u00ed v\u00fdsledek: 2023 &#8211; Mistrovstv\u00ed Sv\u011bta junior\u016f\u2013 2. m\u00edsto (K4&nbsp;500m) 2023 &#8211; Mistrovstv\u00ed Evropy junior\u016f\u2013 1. m\u00edsto (K4&nbsp;500m) Sportovn\u00ed c\u00edl\/sen: \u201cM\u016fj celo\u017eivotn\u00ed sen &#8230; <a title=\"Luk\u00e1\u0161 Sou\u010dek\" class=\"read-more\" href=\"https:\/\/uskcanoe.cz\/en\/lukas-soucek\/\" aria-label=\"More on Luk\u00e1\u0161 Sou\u010dek\">Read more<\/a><\/p>\n","protected":false},"author":7,"featured_media":0,"comment_status":"closed","ping_status":"open","sticky":false,"template":"","format":"standard","meta":{"rank_math_lock_modified_date":false,"footnotes":""},"categories":[23],"tags":[],"class_list":["post-3285","post","type-post","status-publish","format-standard","hentry","category-reprezentanti"],"_links":{"self":[{"href":"https:\/\/uskcanoe.cz\/en\/wp-json\/wp\/v2\/posts\/3285","targetHints":{"allow":["GET"]}}],"collection":[{"href":"https:\/\/uskcanoe.cz\/en\/wp-json\/wp\/v2\/posts"}],"about":[{"href":"https:\/\/uskcanoe.cz\/en\/wp-json\/wp\/v2\/types\/post"}],"author":[{"embeddable":true,"href":"https:\/\/uskcanoe.cz\/en\/wp-json\/wp\/v2\/users\/7"}],"replies":[{"embeddable":true,"href":"https:\/\/uskcanoe.cz\/en\/wp-json\/wp\/v2\/comments?post=3285"}],"version-history":[{"count":4,"href":"https:\/\/uskcanoe.cz\/en\/wp-json\/wp\/v2\/posts\/3285\/revisions"}],"predecessor-version":[{"id":3370,"href":"https:\/\/uskcanoe.cz\/en\/wp-json\/wp\/v2\/posts\/3285\/revisions\/3370"}],"wp:attachment":[{"href":"https:\/\/uskcanoe.cz\/en\/wp-json\/wp\/v2\/media?parent=3285"}],"wp:term":[{"taxonomy":"category","embeddable":true,"href":"https:\/\/uskcanoe.cz\/en\/wp-json\/wp\/v2\/categories?post=3285"},{"taxonomy":"post_tag","embeddable":true,"href":"https:\/\/uskcanoe.cz\/en\/wp-json\/wp\/v2\/tags?post=3285"}],"curies":[{"name":"wp","href":"https:\/\/api.w.org\/{rel}","templated":true}]}}