{"id":3317,"date":"2023-09-20T17:07:01","date_gmt":"2023-09-20T15:07:01","guid":{"rendered":"https:\/\/uskcanoe.cz\/?p=3317"},"modified":"2023-11-22T15:16:56","modified_gmt":"2023-11-22T14:16:56","slug":"barbora-sovova","status":"publish","type":"post","link":"https:\/\/uskcanoe.cz\/en\/barbora-sovova\/","title":{"rendered":"Barbora Sovov\u00e1"},"content":{"rendered":"\n<div class=\"wp-block-media-text has-media-on-the-right is-stacked-on-mobile\"><div class=\"wp-block-media-text__content\">\n<p><strong>Ro\u010dn\u00edk narozen\u00ed:<\/strong> 2005<\/p>\n\n\n\n<p><strong>Za\u010d\u00e1tky sportovn\u00ed \u201ckari\u00e9ry\u201d:<\/strong> 2015<\/p>\n\n\n\n<p><strong>Nejlep\u0161\u00ed v\u00fdsledek:<\/strong><\/p>\n\n\n\n<p>2023 &#8211; Mistrovstv\u00ed Sv\u011bta junior\u016f\u2013 6. m\u00edsto (K4&nbsp;500m)<\/p>\n\n\n\n<p>2022 \u2013 Olympic Hopes Regatta \u2013 3. m\u00edsto (K1 1000m)<\/p>\n\n\n\n<p><strong>Sportovn\u00ed c\u00edl\/sen:<\/strong> <em>\u201c\u00da\u010dast na OH.\u201d<\/em><\/p>\n\n\n\n<p><strong>Co ti kanoistika dala?<\/strong> <em>\u201cSpoustu skv\u011bl\u00fdch p\u0159\u00e1tel a v dosp\u00edv\u00e1n\u00ed m\u011b nau\u010dila b\u00fdt samostatnou a j\u00edt si za sv\u00fdmi sny.\u201d<\/em> <\/p>\n\n\n\n<p><strong>Co bys \u0159ekl o USK?<\/strong> <em>\u201cUSK mi pomohlo p\u0159ej\u00edt do Prahy a tak pokra\u010dovat v p\u00e1dlov\u00e1n\u00ed tak, jak jsem cht\u011bla. Poskytlo mi z\u00e1zem\u00ed a prost\u0159ed\u00ed, jak\u00e9 pot\u0159ebuji. Je tam skv\u011bl\u00e1 parta, taky z\u00e1bava a individu\u00e1ln\u00ed p\u0159\u00edstup.\u201d<\/em><\/p>\n<\/div><figure class=\"wp-block-media-text__media\"><img decoding=\"async\" src=\"blob:https:\/\/uskcanoe.cz\/d9098b28-5983-41de-9d91-d8da37f3a832\"\/><\/figure><\/div>\n\n\n\n<a class=\"gb-button gb-button-be55a6cc gb-button-text\" href=\"https:\/\/uskcanoe.cz\/reprezentanti\/\">zp\u011bt<\/a>\n","protected":false},"excerpt":{"rendered":"<p>Ro\u010dn\u00edk narozen\u00ed: 2005 Za\u010d\u00e1tky sportovn\u00ed \u201ckari\u00e9ry\u201d: 2015 Nejlep\u0161\u00ed v\u00fdsledek: 2023 &#8211; Mistrovstv\u00ed Sv\u011bta junior\u016f\u2013 6. m\u00edsto (K4&nbsp;500m) 2022 \u2013 Olympic Hopes Regatta \u2013 3. m\u00edsto (K1 1000m) Sportovn\u00ed c\u00edl\/sen: \u201c\u00da\u010dast &#8230; <a title=\"Barbora Sovov\u00e1\" class=\"read-more\" href=\"https:\/\/uskcanoe.cz\/en\/barbora-sovova\/\" aria-label=\"More on Barbora Sovov\u00e1\">Read more<\/a><\/p>\n","protected":false},"author":7,"featured_media":0,"comment_status":"closed","ping_status":"open","sticky":false,"template":"","format":"standard","meta":{"rank_math_lock_modified_date":false,"footnotes":""},"categories":[23],"tags":[],"class_list":["post-3317","post","type-post","status-publish","format-standard","hentry","category-reprezentanti"],"_links":{"self":[{"href":"https:\/\/uskcanoe.cz\/en\/wp-json\/wp\/v2\/posts\/3317","targetHints":{"allow":["GET"]}}],"collection":[{"href":"https:\/\/uskcanoe.cz\/en\/wp-json\/wp\/v2\/posts"}],"about":[{"href":"https:\/\/uskcanoe.cz\/en\/wp-json\/wp\/v2\/types\/post"}],"author":[{"embeddable":true,"href":"https:\/\/uskcanoe.cz\/en\/wp-json\/wp\/v2\/users\/7"}],"replies":[{"embeddable":true,"href":"https:\/\/uskcanoe.cz\/en\/wp-json\/wp\/v2\/comments?post=3317"}],"version-history":[{"count":3,"href":"https:\/\/uskcanoe.cz\/en\/wp-json\/wp\/v2\/posts\/3317\/revisions"}],"predecessor-version":[{"id":3360,"href":"https:\/\/uskcanoe.cz\/en\/wp-json\/wp\/v2\/posts\/3317\/revisions\/3360"}],"wp:attachment":[{"href":"https:\/\/uskcanoe.cz\/en\/wp-json\/wp\/v2\/media?parent=3317"}],"wp:term":[{"taxonomy":"category","embeddable":true,"href":"https:\/\/uskcanoe.cz\/en\/wp-json\/wp\/v2\/categories?post=3317"},{"taxonomy":"post_tag","embeddable":true,"href":"https:\/\/uskcanoe.cz\/en\/wp-json\/wp\/v2\/tags?post=3317"}],"curies":[{"name":"wp","href":"https:\/\/api.w.org\/{rel}","templated":true}]}}