{"id":3419,"date":"2023-11-24T15:05:37","date_gmt":"2023-11-24T14:05:37","guid":{"rendered":"https:\/\/uskcanoe.cz\/?p=3419"},"modified":"2023-11-24T15:05:39","modified_gmt":"2023-11-24T14:05:39","slug":"gabriealy-hermely","status":"publish","type":"post","link":"https:\/\/uskcanoe.cz\/en\/gabriealy-hermely\/","title":{"rendered":"Gabriealy Herm\u00e9ly"},"content":{"rendered":"\n<div class=\"wp-block-media-text has-media-on-the-right is-stacked-on-mobile\"><div class=\"wp-block-media-text__content\">\n<p><strong>Ro\u010dn\u00edk narozen\u00ed:<\/strong> 2002<\/p>\n\n\n\n<p><strong>Za\u010d\u00e1tky sportovn\u00ed \u201ckari\u00e9ry\u201d:<\/strong> Ve 13 letech<\/p>\n\n\n\n<p><strong>Nejlep\u0161\u00ed v\u00fdsledek: <\/strong><\/p>\n\n\n\n<p>3. m\u00edsto na \u010dty\u0159kajaku na MEJ<\/p>\n\n\n\n<p>4. m\u00edsto na \u010dty\u0159kajaku na MSJ<\/p>\n\n\n\n<p><strong>Sportovn\u00ed c\u00edl\/sen:<\/strong> P\u0159\u00ed\u0161t\u00ed rok bych se cht\u011bla nominovat na ME a MS do 23 let.<\/p>\n\n\n\n<p><strong>Co ti kanoistika dala?<\/strong> <em>\u201cKanoistika mi dala spoustu p\u0159\u00e1tel a discipl\u00ednu.\u201d<\/em><\/p>\n\n\n\n<p><strong>Co bys \u0159ekl o USK?<\/strong> <em>\u201c<\/em>USK po\u0159\u00e1d\u00e1 super grilova\u010dky!<em>\u201d<\/em><\/p>\n<\/div><figure class=\"wp-block-media-text__media\"><img loading=\"lazy\" decoding=\"async\" width=\"837\" height=\"1024\" src=\"https:\/\/uskcanoe.cz\/wp-content\/uploads\/2023\/11\/DSC_1712-837x1024.jpg\" alt=\"\" class=\"wp-image-3420 size-full\" srcset=\"https:\/\/uskcanoe.cz\/wp-content\/uploads\/2023\/11\/DSC_1712-837x1024.jpg 837w, https:\/\/uskcanoe.cz\/wp-content\/uploads\/2023\/11\/DSC_1712-245x300.jpg 245w, https:\/\/uskcanoe.cz\/wp-content\/uploads\/2023\/11\/DSC_1712-768x940.jpg 768w, https:\/\/uskcanoe.cz\/wp-content\/uploads\/2023\/11\/DSC_1712-1255x1536.jpg 1255w, https:\/\/uskcanoe.cz\/wp-content\/uploads\/2023\/11\/DSC_1712-1674x2048.jpg 1674w\" sizes=\"auto, (max-width: 837px) 100vw, 837px\" \/><\/figure><\/div>\n\n\n\n<a class=\"gb-button gb-button-4b185d54 gb-button-text\" href=\"https:\/\/uskcanoe.cz\/reprezentanti\/\">zp\u011bt<\/a>\n","protected":false},"excerpt":{"rendered":"<p>Ro\u010dn\u00edk narozen\u00ed: 2002 Za\u010d\u00e1tky sportovn\u00ed \u201ckari\u00e9ry\u201d: Ve 13 letech Nejlep\u0161\u00ed v\u00fdsledek: 3. m\u00edsto na \u010dty\u0159kajaku na MEJ 4. m\u00edsto na \u010dty\u0159kajaku na MSJ Sportovn\u00ed c\u00edl\/sen: P\u0159\u00ed\u0161t\u00ed rok bych se cht\u011bla &#8230; <a title=\"Gabriealy Herm\u00e9ly\" class=\"read-more\" href=\"https:\/\/uskcanoe.cz\/en\/gabriealy-hermely\/\" aria-label=\"More on Gabriealy Herm\u00e9ly\">Read more<\/a><\/p>\n","protected":false},"author":7,"featured_media":0,"comment_status":"closed","ping_status":"open","sticky":false,"template":"","format":"standard","meta":{"rank_math_lock_modified_date":false,"footnotes":""},"categories":[23],"tags":[],"class_list":["post-3419","post","type-post","status-publish","format-standard","hentry","category-reprezentanti"],"_links":{"self":[{"href":"https:\/\/uskcanoe.cz\/en\/wp-json\/wp\/v2\/posts\/3419","targetHints":{"allow":["GET"]}}],"collection":[{"href":"https:\/\/uskcanoe.cz\/en\/wp-json\/wp\/v2\/posts"}],"about":[{"href":"https:\/\/uskcanoe.cz\/en\/wp-json\/wp\/v2\/types\/post"}],"author":[{"embeddable":true,"href":"https:\/\/uskcanoe.cz\/en\/wp-json\/wp\/v2\/users\/7"}],"replies":[{"embeddable":true,"href":"https:\/\/uskcanoe.cz\/en\/wp-json\/wp\/v2\/comments?post=3419"}],"version-history":[{"count":1,"href":"https:\/\/uskcanoe.cz\/en\/wp-json\/wp\/v2\/posts\/3419\/revisions"}],"predecessor-version":[{"id":3421,"href":"https:\/\/uskcanoe.cz\/en\/wp-json\/wp\/v2\/posts\/3419\/revisions\/3421"}],"wp:attachment":[{"href":"https:\/\/uskcanoe.cz\/en\/wp-json\/wp\/v2\/media?parent=3419"}],"wp:term":[{"taxonomy":"category","embeddable":true,"href":"https:\/\/uskcanoe.cz\/en\/wp-json\/wp\/v2\/categories?post=3419"},{"taxonomy":"post_tag","embeddable":true,"href":"https:\/\/uskcanoe.cz\/en\/wp-json\/wp\/v2\/tags?post=3419"}],"curies":[{"name":"wp","href":"https:\/\/api.w.org\/{rel}","templated":true}]}}