{"id":3424,"date":"2024-01-03T12:54:50","date_gmt":"2024-01-03T11:54:50","guid":{"rendered":"https:\/\/uskcanoe.cz\/?p=3424"},"modified":"2024-01-03T12:56:06","modified_gmt":"2024-01-03T11:56:06","slug":"vanocni-usk-beh","status":"publish","type":"post","link":"https:\/\/uskcanoe.cz\/en\/vanocni-usk-beh\/","title":{"rendered":"V\u00e1no\u010dn\u00ed USK b\u011bh"},"content":{"rendered":"\n<div class=\"wp-block-cover\"><span aria-hidden=\"true\" class=\"wp-block-cover__background has-background-dim\"><\/span><img loading=\"lazy\" decoding=\"async\" width=\"1920\" height=\"1280\" class=\"wp-block-cover__image-background wp-image-3425\" alt=\"\" src=\"https:\/\/uskcanoe.cz\/wp-content\/uploads\/2024\/01\/12162023_DSC_3179-2.jpg\" data-object-fit=\"cover\" srcset=\"https:\/\/uskcanoe.cz\/wp-content\/uploads\/2024\/01\/12162023_DSC_3179-2.jpg 1920w, https:\/\/uskcanoe.cz\/wp-content\/uploads\/2024\/01\/12162023_DSC_3179-2-300x200.jpg 300w, https:\/\/uskcanoe.cz\/wp-content\/uploads\/2024\/01\/12162023_DSC_3179-2-1024x683.jpg 1024w, https:\/\/uskcanoe.cz\/wp-content\/uploads\/2024\/01\/12162023_DSC_3179-2-768x512.jpg 768w, https:\/\/uskcanoe.cz\/wp-content\/uploads\/2024\/01\/12162023_DSC_3179-2-1536x1024.jpg 1536w\" sizes=\"auto, (max-width: 1920px) 100vw, 1920px\" \/><div class=\"wp-block-cover__inner-container is-layout-constrained wp-block-cover-is-layout-constrained\">\n<p class=\"has-text-align-center has-large-font-size\">Rad\u016fv syndrom<\/p>\n<\/div><\/div>\n\n\n\n<div style=\"height:60px\" aria-hidden=\"true\" class=\"wp-block-spacer\"><\/div>\n\n\n\n<div class=\"wp-block-media-text is-stacked-on-mobile\"><figure class=\"wp-block-media-text__media\"><img loading=\"lazy\" decoding=\"async\" width=\"1024\" height=\"683\" src=\"https:\/\/uskcanoe.cz\/wp-content\/uploads\/2024\/01\/12162023_DSC_3518-1024x683.jpg\" alt=\"\" class=\"wp-image-3430 size-full\" srcset=\"https:\/\/uskcanoe.cz\/wp-content\/uploads\/2024\/01\/12162023_DSC_3518-1024x683.jpg 1024w, https:\/\/uskcanoe.cz\/wp-content\/uploads\/2024\/01\/12162023_DSC_3518-300x200.jpg 300w, https:\/\/uskcanoe.cz\/wp-content\/uploads\/2024\/01\/12162023_DSC_3518-768x512.jpg 768w, https:\/\/uskcanoe.cz\/wp-content\/uploads\/2024\/01\/12162023_DSC_3518-1536x1024.jpg 1536w, https:\/\/uskcanoe.cz\/wp-content\/uploads\/2024\/01\/12162023_DSC_3518.jpg 1920w\" sizes=\"auto, (max-width: 1024px) 100vw, 1024px\" \/><\/figure><div class=\"wp-block-media-text__content\">\n<p>K p\u0159edv\u00e1no\u010dn\u00edmu \u010dasu na USK ji\u017e p\u0159es t\u0159icet let neodmysliteln\u011b pat\u0159\u00ed V\u00e1no\u010dn\u00ed b\u011bh vod\u00e1k\u016f &#8211; Rad\u016fv syndrom. P\u0159i t\u00e9to akci nejde pouze o perfektn\u00ed b\u011b\u017eeck\u00e9 v\u00fdkony, ale hlavn\u011b o p\u0159\u00edjemn\u00e9 setk\u00e1n\u00ed s na\u0161\u00ed velkou vod\u00e1ckou rodinou, akor\u00e1t m\u00edsto cukrov\u00ed si ka\u017ed\u00fd odnese \u0161petku lakt\u00e1tku v t\u011ble. Letos, p\u0159i 32. ro\u010dn\u00edku, jsme p\u0159esunuli z\u00e1zem\u00ed do prostor Chuchelsk\u00e9ho h\u00e1je a v\u0161e vy\u0161lo podle p\u0159edstav.<\/p>\n<\/div><\/div>\n\n\n\n<div style=\"height:60px\" aria-hidden=\"true\" class=\"wp-block-spacer\"><\/div>\n\n\n\n<div class=\"wp-block-media-text has-media-on-the-right is-stacked-on-mobile\"><div class=\"wp-block-media-text__content\">\n<p>Ve 13 kategori\u00edch odstartovalo 160 b\u011b\u017ec\u016f, p\u0159i\u010dem\u017e nejmlad\u0161\u00edm z\u00e1vodn\u00edkem byl \u0160t\u011bp\u00e1n Pavl\u00edk, kter\u00e9mu jsou dva roky. Sov\u00ed ega zah\u0159\u00e1l v\u00fdkon Pep\u00ed\u010dka Z\u00e1hory, kter\u00fd po t\u0159in\u00e1cti letech vrac\u00ed absolutn\u00ed v\u00edt\u011bzstv\u00ed na p\u016fdu USK. Mezi \u017eenami dominovala Ad\u00e9la H\u00e1zov\u00e1. D\u011bkujeme v\u0161em, co pomohli tuto akci uspo\u0159\u00e1dat a p\u0159ejeme co nejklidn\u011bj\u0161\u00ed V\u00e1noce.<\/p>\n\n\n\n<p>Fotky: <a href=\"https:\/\/www.rajce.idnes.cz\/usksprintkayakfans\/album\/vanocni-beh-2023\" data-type=\"link\" data-id=\"https:\/\/www.rajce.idnes.cz\/usksprintkayakfans\/album\/vanocni-beh-2023\" target=\"_blank\" rel=\"noreferrer noopener\">zde<\/a><\/p>\n<\/div><figure class=\"wp-block-media-text__media\"><img loading=\"lazy\" decoding=\"async\" width=\"1024\" height=\"683\" src=\"https:\/\/uskcanoe.cz\/wp-content\/uploads\/2024\/01\/12162023_DSC_3772-1024x683.jpg\" alt=\"\" class=\"wp-image-3428 size-full\" srcset=\"https:\/\/uskcanoe.cz\/wp-content\/uploads\/2024\/01\/12162023_DSC_3772-1024x683.jpg 1024w, https:\/\/uskcanoe.cz\/wp-content\/uploads\/2024\/01\/12162023_DSC_3772-300x200.jpg 300w, https:\/\/uskcanoe.cz\/wp-content\/uploads\/2024\/01\/12162023_DSC_3772-768x512.jpg 768w, https:\/\/uskcanoe.cz\/wp-content\/uploads\/2024\/01\/12162023_DSC_3772-1536x1024.jpg 1536w, https:\/\/uskcanoe.cz\/wp-content\/uploads\/2024\/01\/12162023_DSC_3772.jpg 1920w\" sizes=\"auto, (max-width: 1024px) 100vw, 1024px\" \/><\/figure><\/div>\n","protected":false},"excerpt":{"rendered":"<p>Rad\u016fv syndrom K p\u0159edv\u00e1no\u010dn\u00edmu \u010dasu na USK ji\u017e p\u0159es t\u0159icet let neodmysliteln\u011b pat\u0159\u00ed V\u00e1no\u010dn\u00ed b\u011bh vod\u00e1k\u016f &#8211; Rad\u016fv syndrom. P\u0159i t\u00e9to akci nejde pouze o perfektn\u00ed b\u011b\u017eeck\u00e9 v\u00fdkony, ale hlavn\u011b &#8230; <a title=\"V\u00e1no\u010dn\u00ed USK b\u011bh\" class=\"read-more\" href=\"https:\/\/uskcanoe.cz\/en\/vanocni-usk-beh\/\" aria-label=\"More on V\u00e1no\u010dn\u00ed USK b\u011bh\">Read more<\/a><\/p>\n","protected":false},"author":7,"featured_media":0,"comment_status":"closed","ping_status":"open","sticky":false,"template":"","format":"standard","meta":{"rank_math_lock_modified_date":false,"footnotes":""},"categories":[19],"tags":[],"class_list":["post-3424","post","type-post","status-publish","format-standard","hentry","category-aktuality"],"_links":{"self":[{"href":"https:\/\/uskcanoe.cz\/en\/wp-json\/wp\/v2\/posts\/3424","targetHints":{"allow":["GET"]}}],"collection":[{"href":"https:\/\/uskcanoe.cz\/en\/wp-json\/wp\/v2\/posts"}],"about":[{"href":"https:\/\/uskcanoe.cz\/en\/wp-json\/wp\/v2\/types\/post"}],"author":[{"embeddable":true,"href":"https:\/\/uskcanoe.cz\/en\/wp-json\/wp\/v2\/users\/7"}],"replies":[{"embeddable":true,"href":"https:\/\/uskcanoe.cz\/en\/wp-json\/wp\/v2\/comments?post=3424"}],"version-history":[{"count":3,"href":"https:\/\/uskcanoe.cz\/en\/wp-json\/wp\/v2\/posts\/3424\/revisions"}],"predecessor-version":[{"id":3432,"href":"https:\/\/uskcanoe.cz\/en\/wp-json\/wp\/v2\/posts\/3424\/revisions\/3432"}],"wp:attachment":[{"href":"https:\/\/uskcanoe.cz\/en\/wp-json\/wp\/v2\/media?parent=3424"}],"wp:term":[{"taxonomy":"category","embeddable":true,"href":"https:\/\/uskcanoe.cz\/en\/wp-json\/wp\/v2\/categories?post=3424"},{"taxonomy":"post_tag","embeddable":true,"href":"https:\/\/uskcanoe.cz\/en\/wp-json\/wp\/v2\/tags?post=3424"}],"curies":[{"name":"wp","href":"https:\/\/api.w.org\/{rel}","templated":true}]}}