{"id":3438,"date":"2024-02-03T09:03:14","date_gmt":"2024-02-03T08:03:14","guid":{"rendered":"https:\/\/uskcanoe.cz\/?p=3438"},"modified":"2024-02-03T09:03:16","modified_gmt":"2024-02-03T08:03:16","slug":"bezkarske-soustredeni","status":"publish","type":"post","link":"https:\/\/uskcanoe.cz\/en\/bezkarske-soustredeni\/","title":{"rendered":"B\u011b\u017eka\u0159sk\u00e9 soust\u0159ed\u011bn\u00ed"},"content":{"rendered":"\n<div class=\"wp-block-media-text has-media-on-the-right is-stacked-on-mobile\"><div class=\"wp-block-media-text__content\">\n<p>Druh\u00fd t\u00fdden v lednu v\u011bt\u0161ina z n\u00e1s odjela na t\u00fddenn\u00ed soust\u0159ed\u011bn\u00ed do Bed\u0159ichova. T\u011b\u0161ili jsme se na b\u011b\u017eky, ale sn\u011bhov\u00e9 podm\u00ednky n\u00e1m to tro\u0161ku zkomplikovaly. I tak jsme ale na ly\u017e\u00edch byli ka\u017ed\u00fd den alespo\u0148 jednou, k tomu jsme b\u011bhali po sv\u00fdch a nab\u00edrali svaly cvi\u010den\u00edm. Nejv\u011bt\u0161\u00edm z\u00e1\u017eitkem pro n\u00e1s i cel\u00fd stadion byly z\u00e1vody \u0161tafet, kter\u00e9 po nap\u00ednav\u00e9m boji, kdy si novope\u010den\u00fd tren\u00e9r Stejk dokonce roztrhl h\u016flkou oble\u010den\u00ed, vyhr\u00e1la \u0161tafeta s kapit\u00e1nem Kubou \u0158ezn\u00ed\u010dkem. Jsme r\u00e1di, \u017ee se soust\u0159ed\u011bn\u00ed \u00fa\u010dastnili na\u0161i nejmen\u0161\u00ed i nejv\u011bt\u0161\u00ed z\u00e1vodn\u00edci a zn\u00e1me se v\u0161ichni zase o n\u011bco l\u00e9pe. Tak zase p\u0159\u00ed\u0161t\u00ed rok\u2026snad u\u017e se sn\u011bhem.<\/p>\n<\/div><figure class=\"wp-block-media-text__media\"><img loading=\"lazy\" decoding=\"async\" width=\"302\" height=\"403\" src=\"https:\/\/uskcanoe.cz\/wp-content\/uploads\/2024\/02\/419674407_867607378434287_3075391889149534899_n.jpg\" alt=\"\" class=\"wp-image-3441 size-full\" srcset=\"https:\/\/uskcanoe.cz\/wp-content\/uploads\/2024\/02\/419674407_867607378434287_3075391889149534899_n.jpg 302w, https:\/\/uskcanoe.cz\/wp-content\/uploads\/2024\/02\/419674407_867607378434287_3075391889149534899_n-225x300.jpg 225w\" sizes=\"auto, (max-width: 302px) 100vw, 302px\" \/><\/figure><\/div>\n","protected":false},"excerpt":{"rendered":"<p>Druh\u00fd t\u00fdden v lednu v\u011bt\u0161ina z n\u00e1s odjela na t\u00fddenn\u00ed soust\u0159ed\u011bn\u00ed do Bed\u0159ichova. T\u011b\u0161ili jsme se na b\u011b\u017eky, ale sn\u011bhov\u00e9 podm\u00ednky n\u00e1m to tro\u0161ku zkomplikovaly. I tak jsme ale na &#8230; <a title=\"B\u011b\u017eka\u0159sk\u00e9 soust\u0159ed\u011bn\u00ed\" class=\"read-more\" href=\"https:\/\/uskcanoe.cz\/en\/bezkarske-soustredeni\/\" aria-label=\"More on B\u011b\u017eka\u0159sk\u00e9 soust\u0159ed\u011bn\u00ed\">Read more<\/a><\/p>\n","protected":false},"author":7,"featured_media":0,"comment_status":"closed","ping_status":"open","sticky":false,"template":"","format":"standard","meta":{"rank_math_lock_modified_date":false,"footnotes":""},"categories":[19],"tags":[],"class_list":["post-3438","post","type-post","status-publish","format-standard","hentry","category-aktuality"],"_links":{"self":[{"href":"https:\/\/uskcanoe.cz\/en\/wp-json\/wp\/v2\/posts\/3438","targetHints":{"allow":["GET"]}}],"collection":[{"href":"https:\/\/uskcanoe.cz\/en\/wp-json\/wp\/v2\/posts"}],"about":[{"href":"https:\/\/uskcanoe.cz\/en\/wp-json\/wp\/v2\/types\/post"}],"author":[{"embeddable":true,"href":"https:\/\/uskcanoe.cz\/en\/wp-json\/wp\/v2\/users\/7"}],"replies":[{"embeddable":true,"href":"https:\/\/uskcanoe.cz\/en\/wp-json\/wp\/v2\/comments?post=3438"}],"version-history":[{"count":1,"href":"https:\/\/uskcanoe.cz\/en\/wp-json\/wp\/v2\/posts\/3438\/revisions"}],"predecessor-version":[{"id":3442,"href":"https:\/\/uskcanoe.cz\/en\/wp-json\/wp\/v2\/posts\/3438\/revisions\/3442"}],"wp:attachment":[{"href":"https:\/\/uskcanoe.cz\/en\/wp-json\/wp\/v2\/media?parent=3438"}],"wp:term":[{"taxonomy":"category","embeddable":true,"href":"https:\/\/uskcanoe.cz\/en\/wp-json\/wp\/v2\/categories?post=3438"},{"taxonomy":"post_tag","embeddable":true,"href":"https:\/\/uskcanoe.cz\/en\/wp-json\/wp\/v2\/tags?post=3438"}],"curies":[{"name":"wp","href":"https:\/\/api.w.org\/{rel}","templated":true}]}}