{"id":3463,"date":"2024-05-08T15:04:27","date_gmt":"2024-05-08T13:04:27","guid":{"rendered":"https:\/\/uskcanoe.cz\/?p=3463"},"modified":"2024-05-08T15:04:29","modified_gmt":"2024-05-08T13:04:29","slug":"prvni-zavody-benjaminku","status":"publish","type":"post","link":"https:\/\/uskcanoe.cz\/en\/prvni-zavody-benjaminku\/","title":{"rendered":"Prvn\u00ed z\u00e1vody benjam\u00ednk\u016f"},"content":{"rendered":"\n<div class=\"wp-block-cover is-light\"><span aria-hidden=\"true\" class=\"wp-block-cover__background has-background-dim\" style=\"background-color:#a3b0b8\"><\/span><img loading=\"lazy\" decoding=\"async\" width=\"1920\" height=\"1280\" class=\"wp-block-cover__image-background wp-image-3464\" alt=\"\" src=\"https:\/\/uskcanoe.cz\/wp-content\/uploads\/2024\/05\/05012024_DSC_5545.jpg\" data-object-fit=\"cover\" srcset=\"https:\/\/uskcanoe.cz\/wp-content\/uploads\/2024\/05\/05012024_DSC_5545.jpg 1920w, https:\/\/uskcanoe.cz\/wp-content\/uploads\/2024\/05\/05012024_DSC_5545-300x200.jpg 300w, https:\/\/uskcanoe.cz\/wp-content\/uploads\/2024\/05\/05012024_DSC_5545-1024x683.jpg 1024w, https:\/\/uskcanoe.cz\/wp-content\/uploads\/2024\/05\/05012024_DSC_5545-768x512.jpg 768w, https:\/\/uskcanoe.cz\/wp-content\/uploads\/2024\/05\/05012024_DSC_5545-1536x1024.jpg 1536w\" sizes=\"auto, (max-width: 1920px) 100vw, 1920px\" \/><div class=\"wp-block-cover__inner-container is-layout-constrained wp-block-cover-is-layout-constrained\">\n<p class=\"has-text-align-center has-large-font-size\"><mark style=\"background-color:rgba(0, 0, 0, 0)\" class=\"has-inline-color has-base-3-color\">Memori\u00e1l Karla Popela<\/mark><\/p>\n<\/div><\/div>\n\n\n\n<div style=\"height:60px\" aria-hidden=\"true\" class=\"wp-block-spacer\"><\/div>\n\n\n\n<div class=\"wp-block-media-text is-stacked-on-mobile\"><figure class=\"wp-block-media-text__media\"><img loading=\"lazy\" decoding=\"async\" width=\"1024\" height=\"683\" src=\"https:\/\/uskcanoe.cz\/wp-content\/uploads\/2024\/05\/441453889_1337960043809531_7519593960239852443_n-1024x683.jpg\" alt=\"\" class=\"wp-image-3465 size-full\" srcset=\"https:\/\/uskcanoe.cz\/wp-content\/uploads\/2024\/05\/441453889_1337960043809531_7519593960239852443_n-1024x683.jpg 1024w, https:\/\/uskcanoe.cz\/wp-content\/uploads\/2024\/05\/441453889_1337960043809531_7519593960239852443_n-300x200.jpg 300w, https:\/\/uskcanoe.cz\/wp-content\/uploads\/2024\/05\/441453889_1337960043809531_7519593960239852443_n-768x512.jpg 768w, https:\/\/uskcanoe.cz\/wp-content\/uploads\/2024\/05\/441453889_1337960043809531_7519593960239852443_n-1536x1024.jpg 1536w, https:\/\/uskcanoe.cz\/wp-content\/uploads\/2024\/05\/441453889_1337960043809531_7519593960239852443_n.jpg 1920w\" sizes=\"auto, (max-width: 1024px) 100vw, 1024px\" \/><\/figure><div class=\"wp-block-media-text__content\">\n<p>Byl prvn\u00ed m\u00e1j, l\u00e1sky \u010das a my jsme vyslali n\u00e1\u0161 benjam\u00ednkovsk\u00fd gang na prvn\u00ed leto\u0161n\u00ed z\u00e1vody &#8211; Memori\u00e1l Karla Popela, kter\u00fd se stal sou\u010d\u00e1st\u00ed \u010cesk\u00e9ho poh\u00e1ru benjam\u00ednk\u016f. M\u00e1me tedy za sebou prvn\u00ed ostr\u00fd start na\u0161ich nejmlad\u0161\u00edch, kter\u00fd n\u00e1m nab\u00eddl v\u0161e, co sport nab\u00edz\u00ed &#8211; prvn\u00ed p\u0159edstartovn\u00ed nervozitu, prvn\u00ed hromadn\u00e9 starty, prvn\u00ed kontakty na obr\u00e1tk\u00e1ch, prvn\u00ed radosti, slzi\u010dky i plavby. V opravdu velk\u00e9 konkurenci se ale mal\u00ed sov\u00e1\u010dci neztratili a n\u011bkte\u0159\u00ed ubojovali i TOP 10. S dvou <a><\/a>kilometrovou trat\u00ed se zvl\u00e1dli vypo\u0159\u00e1dat i na\u0161\u00ed \u00fapln\u011b nejmlad\u0161\u00ed z\u00e1vodn\u00edci &#8211; Honz\u00edk Bradna a Esterka Fanty\u0161ov\u00e1, kte\u0159\u00ed se narodili v roce 2016. Klobouk dol\u016f.<\/p>\n\n\n\n<p>Benjam\u00ednky to ale nekon\u010dilo. Na Popela jsme vyslali i \u010d\u00e1st ml\u00e1de\u017enick\u00e9ho t\u00fdmu. V kategorii junior\u016f triumfoval Vojta Koz\u00e1k a v kategorii dorostenc\u016f dofini\u0161oval t\u0159et\u00ed Ondra Pu\u0161.<\/p>\n<\/div><\/div>\n\n\n\n<div style=\"height:60px\" aria-hidden=\"true\" class=\"wp-block-spacer\"><\/div>\n\n\n\n<div class=\"wp-block-media-text has-media-on-the-right is-stacked-on-mobile\"><div class=\"wp-block-media-text__content\">\n<p>D\u00edky v\u0161em za bojovn\u00e9 v\u00fdkony a sezona pokra\u010duje \u010cP benjam\u00ednk\u016f v Chomutov\u011b, kter\u00fd se kon\u00e1 u\u017e tuto sobotu!<\/p>\n\n\n\n<p>TOP 10<\/p>\n\n\n\n<p>1. m\u00edsto &#8211; Vojt\u011bch Koz\u00e1k (K1 J\u0158I)<\/p>\n\n\n\n<p>3. m\u00edsto &#8211; Ond\u0159ej Pu\u0161 (K1 DCI)<\/p>\n\n\n\n<p>6. m\u00edsto &#8211; Adam Mari\u010d\u00e1k &#8211; J\u00e1chym Rott ( K2 BCI C)<\/p>\n\n\n\n<p>7. m\u00edsto &#8211; Ester Fanty\u0161ov\u00e1 (K1 BKY E), H\u016flka Dan &#8211; H\u016flka Maty\u00e1\u0161 (K2 BCI A)<\/p>\n\n\n\n<p>8. m\u00edsto &#8211; J\u00e1chym Rott (K1 BCI C), Jakub Janou\u0161 (K1 DCI)<\/p>\n\n\n\n<p>9. m\u00edsto &#8211; \u0160t\u011bp\u00e1n Karban (K1 BCI <img loading=\"lazy\" decoding=\"async\" height=\"16\" width=\"16\" alt=\"\ud83d\ude0e\" src=\"https:\/\/static.xx.fbcdn.net\/images\/emoji.php\/v9\/t83\/1\/16\/1f60e.png\">, Jan Bradna (K1 BCI E), Kate\u0159ina Koz\u00e1kov\u00e1 (K1 \u017dKY ML.), Am\u00e1lie Kopeck\u00e1 &#8211; Jolana Ned\u011blkov\u00e1 (K2 BKY <img loading=\"lazy\" decoding=\"async\" height=\"16\" width=\"16\" alt=\"\ud83d\ude0e\" src=\"https:\/\/static.xx.fbcdn.net\/images\/emoji.php\/v9\/t83\/1\/16\/1f60e.png\">, Jakub \u0158ezn\u00ed\u010dek (K1 DCI)<\/p>\n\n\n\n<p>10. m\u00edsto &#8211; Laura Viesnerov\u00e1 (K1 \u017dKY ST.)<\/p>\n<\/div><figure class=\"wp-block-media-text__media\"><img loading=\"lazy\" decoding=\"async\" width=\"1024\" height=\"683\" src=\"https:\/\/uskcanoe.cz\/wp-content\/uploads\/2024\/05\/440398530_1337960053809530_7861216887099009775_n-1024x683.jpg\" alt=\"\" class=\"wp-image-3466 size-full\" srcset=\"https:\/\/uskcanoe.cz\/wp-content\/uploads\/2024\/05\/440398530_1337960053809530_7861216887099009775_n-1024x683.jpg 1024w, https:\/\/uskcanoe.cz\/wp-content\/uploads\/2024\/05\/440398530_1337960053809530_7861216887099009775_n-300x200.jpg 300w, https:\/\/uskcanoe.cz\/wp-content\/uploads\/2024\/05\/440398530_1337960053809530_7861216887099009775_n-768x512.jpg 768w, https:\/\/uskcanoe.cz\/wp-content\/uploads\/2024\/05\/440398530_1337960053809530_7861216887099009775_n-1536x1024.jpg 1536w, https:\/\/uskcanoe.cz\/wp-content\/uploads\/2024\/05\/440398530_1337960053809530_7861216887099009775_n.jpg 1920w\" sizes=\"auto, (max-width: 1024px) 100vw, 1024px\" \/><\/figure><\/div>\n\n\n\n<p>Foto: <a href=\"https:\/\/www.rajce.idnes.cz\/usksprintkayakfans\/album\/memorial-dr-popela-kvs-2024\" target=\"_blank\" rel=\"noopener\">zde<\/a><\/p>\n","protected":false},"excerpt":{"rendered":"<p>Memori\u00e1l Karla Popela Byl prvn\u00ed m\u00e1j, l\u00e1sky \u010das a my jsme vyslali n\u00e1\u0161 benjam\u00ednkovsk\u00fd gang na prvn\u00ed leto\u0161n\u00ed z\u00e1vody &#8211; Memori\u00e1l Karla Popela, kter\u00fd se stal sou\u010d\u00e1st\u00ed \u010cesk\u00e9ho poh\u00e1ru benjam\u00ednk\u016f. &#8230; <a title=\"Prvn\u00ed z\u00e1vody benjam\u00ednk\u016f\" class=\"read-more\" href=\"https:\/\/uskcanoe.cz\/en\/prvni-zavody-benjaminku\/\" aria-label=\"More on Prvn\u00ed z\u00e1vody benjam\u00ednk\u016f\">Read more<\/a><\/p>\n","protected":false},"author":7,"featured_media":0,"comment_status":"closed","ping_status":"open","sticky":false,"template":"","format":"standard","meta":{"rank_math_lock_modified_date":false,"footnotes":""},"categories":[19],"tags":[],"class_list":["post-3463","post","type-post","status-publish","format-standard","hentry","category-aktuality"],"_links":{"self":[{"href":"https:\/\/uskcanoe.cz\/en\/wp-json\/wp\/v2\/posts\/3463","targetHints":{"allow":["GET"]}}],"collection":[{"href":"https:\/\/uskcanoe.cz\/en\/wp-json\/wp\/v2\/posts"}],"about":[{"href":"https:\/\/uskcanoe.cz\/en\/wp-json\/wp\/v2\/types\/post"}],"author":[{"embeddable":true,"href":"https:\/\/uskcanoe.cz\/en\/wp-json\/wp\/v2\/users\/7"}],"replies":[{"embeddable":true,"href":"https:\/\/uskcanoe.cz\/en\/wp-json\/wp\/v2\/comments?post=3463"}],"version-history":[{"count":1,"href":"https:\/\/uskcanoe.cz\/en\/wp-json\/wp\/v2\/posts\/3463\/revisions"}],"predecessor-version":[{"id":3467,"href":"https:\/\/uskcanoe.cz\/en\/wp-json\/wp\/v2\/posts\/3463\/revisions\/3467"}],"wp:attachment":[{"href":"https:\/\/uskcanoe.cz\/en\/wp-json\/wp\/v2\/media?parent=3463"}],"wp:term":[{"taxonomy":"category","embeddable":true,"href":"https:\/\/uskcanoe.cz\/en\/wp-json\/wp\/v2\/categories?post=3463"},{"taxonomy":"post_tag","embeddable":true,"href":"https:\/\/uskcanoe.cz\/en\/wp-json\/wp\/v2\/tags?post=3463"}],"curies":[{"name":"wp","href":"https:\/\/api.w.org\/{rel}","templated":true}]}}