{"id":3640,"date":"2025-02-14T08:19:55","date_gmt":"2025-02-14T07:19:55","guid":{"rendered":"https:\/\/uskcanoe.cz\/?p=3640"},"modified":"2025-02-14T08:23:52","modified_gmt":"2025-02-14T07:23:52","slug":"zimni-soustredeni-2025","status":"publish","type":"post","link":"https:\/\/uskcanoe.cz\/en\/zimni-soustredeni-2025\/","title":{"rendered":"ZIMN\u00cd SOUST\u0158ED\u011aN\u00cd 2025"},"content":{"rendered":"\n<div class=\"wp-block-cover alignfull is-light has-custom-content-position is-position-top-center wp-duotone-unset-1\" style=\"min-height:374px;aspect-ratio:unset;\"><span aria-hidden=\"true\" class=\"wp-block-cover__background has-background-dim\" style=\"background-color:#979998\"><\/span><img loading=\"lazy\" decoding=\"async\" width=\"1536\" height=\"2048\" class=\"wp-block-cover__image-background wp-image-3641\" alt=\"\" src=\"https:\/\/uskcanoe.cz\/wp-content\/uploads\/2025\/02\/hor-1.jpg\" data-object-fit=\"cover\" srcset=\"https:\/\/uskcanoe.cz\/wp-content\/uploads\/2025\/02\/hor-1.jpg 1536w, https:\/\/uskcanoe.cz\/wp-content\/uploads\/2025\/02\/hor-1-225x300.jpg 225w, https:\/\/uskcanoe.cz\/wp-content\/uploads\/2025\/02\/hor-1-768x1024.jpg 768w, https:\/\/uskcanoe.cz\/wp-content\/uploads\/2025\/02\/hor-1-1152x1536.jpg 1152w\" sizes=\"auto, (max-width: 1536px) 100vw, 1536px\" \/><div class=\"wp-block-cover__inner-container is-layout-constrained wp-block-cover-is-layout-constrained\">\n<p class=\"has-text-align-center has-large-font-size\"><\/p>\n<\/div><\/div>\n\n\n\n<p><\/p>\n\n\n\n<p><\/p>\n\n\n\n<p><\/p>\n\n\n\n<div class=\"wp-block-media-text has-media-on-the-right is-stacked-on-mobile\"><div class=\"wp-block-media-text__content\">\n<p>Na konci ledna jsme opustili klasick\u00fd zimn\u00ed re\u017eim v Praze a p\u0159esunuli se do Bed\u0159ichova na ly\u017ea\u0159sk\u00e9 soust\u0159ed\u011bn\u00ed. V leto\u0161n\u00edm roce jsme m\u011bli v\u011bt\u0161\u00ed \u0161t\u011bst\u00ed ne\u017e loni. Nechyb\u011blo to, co na zimn\u00edm soust\u0159ed\u011bn\u00ed kajak\u00e1\u0159i pot\u0159ebuj\u00ed nejv\u00edce &#8211; sn\u00edh v b\u011b\u017eka\u0159sk\u00fdch stop\u00e1ch. A tak p\u0159es sedmdes\u00e1t \u00fa\u010dastn\u00edk\u016f hltalo cel\u00fd t\u00fdden kilometry na b\u011b\u017ek\u00e1ch, n\u011bkte\u0159\u00ed prvn\u00ed v \u017eivot\u011b. Jsme nad\u0161en\u00ed, \u017ee se povedlo op\u011bt spojit soust\u0159ed\u011bn\u00ed na\u0161ich nejmlad\u0161\u00edch s na\u0161imi reprezentanty z Victorie. Nyn\u00ed u\u017e se star\u0161\u00ed z\u00e1vodn\u00edci vyh\u0159\u00edvaj\u00ed v Seville, ti mlad\u0161\u00ed je\u0161t\u011b d\u0159ou v chladn\u00fdch pra\u017esk\u00fdch podm\u00ednk\u00e1ch. V\u0161ichni u\u017e netrp\u011bliv\u011b vyhl\u00ed\u017e\u00edme sezonu 2025.<\/p>\n<\/div><figure class=\"wp-block-media-text__media\"><img loading=\"lazy\" decoding=\"async\" width=\"1024\" height=\"768\" src=\"https:\/\/uskcanoe.cz\/wp-content\/uploads\/2025\/02\/HOR2-1024x768.jpg\" alt=\"\" class=\"wp-image-3642 size-full\" srcset=\"https:\/\/uskcanoe.cz\/wp-content\/uploads\/2025\/02\/HOR2-1024x768.jpg 1024w, https:\/\/uskcanoe.cz\/wp-content\/uploads\/2025\/02\/HOR2-300x225.jpg 300w, https:\/\/uskcanoe.cz\/wp-content\/uploads\/2025\/02\/HOR2-768x576.jpg 768w, https:\/\/uskcanoe.cz\/wp-content\/uploads\/2025\/02\/HOR2-1536x1152.jpg 1536w, https:\/\/uskcanoe.cz\/wp-content\/uploads\/2025\/02\/HOR2.jpg 2048w\" sizes=\"auto, (max-width: 1024px) 100vw, 1024px\" \/><\/figure><\/div>\n","protected":false},"excerpt":{"rendered":"<p>Na konci ledna jsme opustili klasick\u00fd zimn\u00ed re\u017eim v Praze a p\u0159esunuli se do Bed\u0159ichova na ly\u017ea\u0159sk\u00e9 soust\u0159ed\u011bn\u00ed. V leto\u0161n\u00edm roce jsme m\u011bli v\u011bt\u0161\u00ed \u0161t\u011bst\u00ed ne\u017e loni. Nechyb\u011blo to, co &#8230; <a title=\"ZIMN\u00cd SOUST\u0158ED\u011aN\u00cd 2025\" class=\"read-more\" href=\"https:\/\/uskcanoe.cz\/en\/zimni-soustredeni-2025\/\" aria-label=\"More on ZIMN\u00cd SOUST\u0158ED\u011aN\u00cd 2025\">Read more<\/a><\/p>\n","protected":false},"author":2,"featured_media":0,"comment_status":"closed","ping_status":"open","sticky":false,"template":"","format":"standard","meta":{"rank_math_lock_modified_date":false,"footnotes":""},"categories":[19],"tags":[],"class_list":["post-3640","post","type-post","status-publish","format-standard","hentry","category-aktuality"],"_links":{"self":[{"href":"https:\/\/uskcanoe.cz\/en\/wp-json\/wp\/v2\/posts\/3640","targetHints":{"allow":["GET"]}}],"collection":[{"href":"https:\/\/uskcanoe.cz\/en\/wp-json\/wp\/v2\/posts"}],"about":[{"href":"https:\/\/uskcanoe.cz\/en\/wp-json\/wp\/v2\/types\/post"}],"author":[{"embeddable":true,"href":"https:\/\/uskcanoe.cz\/en\/wp-json\/wp\/v2\/users\/2"}],"replies":[{"embeddable":true,"href":"https:\/\/uskcanoe.cz\/en\/wp-json\/wp\/v2\/comments?post=3640"}],"version-history":[{"count":3,"href":"https:\/\/uskcanoe.cz\/en\/wp-json\/wp\/v2\/posts\/3640\/revisions"}],"predecessor-version":[{"id":3647,"href":"https:\/\/uskcanoe.cz\/en\/wp-json\/wp\/v2\/posts\/3640\/revisions\/3647"}],"wp:attachment":[{"href":"https:\/\/uskcanoe.cz\/en\/wp-json\/wp\/v2\/media?parent=3640"}],"wp:term":[{"taxonomy":"category","embeddable":true,"href":"https:\/\/uskcanoe.cz\/en\/wp-json\/wp\/v2\/categories?post=3640"},{"taxonomy":"post_tag","embeddable":true,"href":"https:\/\/uskcanoe.cz\/en\/wp-json\/wp\/v2\/tags?post=3640"}],"curies":[{"name":"wp","href":"https:\/\/api.w.org\/{rel}","templated":true}]}}