{"id":3656,"date":"2025-05-02T18:28:41","date_gmt":"2025-05-02T16:28:41","guid":{"rendered":"https:\/\/uskcanoe.cz\/?p=3656"},"modified":"2025-05-02T18:28:45","modified_gmt":"2025-05-02T16:28:45","slug":"1-cesky-pohar-mladeze","status":"publish","type":"post","link":"https:\/\/uskcanoe.cz\/en\/1-cesky-pohar-mladeze\/","title":{"rendered":"1. \u010cesk\u00fd poh\u00e1r ml\u00e1de\u017ee"},"content":{"rendered":"\n<div class=\"wp-block-media-text has-media-on-the-right is-stacked-on-mobile\"><div class=\"wp-block-media-text__content\">\n<p>Tak takhle bombastick\u00fd start do sez\u00f3ny 2025 jsme \u00fapln\u011b ne\u010dekali! Prvn\u00ed \u010cP ml\u00e1de\u017ee a hned 5 medail\u00ed. K tomu dal\u0161\u00edch 12 um\u00edst\u011bn\u00ed v top 10. Dv\u011b zlata z\u00edskala dorostenka <a><\/a>Ema Fibigrov\u00e1, kter\u00e1 zejm\u00e9na v z\u00e1vod\u011b s hromadn\u00fdm startem p\u0159edvedla absolutn\u011b profesion\u00e1ln\u00ed v\u00fdkon. Maty\u00e1\u0161 Tich\u00fd dok\u00e1zal v nejt\u011b\u017e\u0161\u00ed kategorii junior\u016f vybojovat v intervalov\u00e9m z\u00e1vod\u011b st\u0159\u00edbrnou medaili. A pak tu m\u00e1me dv\u011b premi\u00e9rov\u00e9 a p\u0159ekvapiv\u00e9 medaile na\u0161ich \u017e\u00e1k\u016f &#8211; a to my v\u017edycky r\u00e1di<\/p>\n\n\n\n<figure class=\"wp-block-image\"><img decoding=\"async\" src=\"https:\/\/static.xx.fbcdn.net\/images\/emoji.php\/v9\/t4c\/1\/16\/1f642.png\" alt=\"\ud83d\ude42\"\/><\/figure>\n\n\n\n<p>. Kate\u0159ina Koz\u00e1kov\u00e1 podala v z\u00e1vod\u011b s hromadn\u00fdm startem heroick\u00fd v\u00fdkon a nechala za sebou cel\u00e9 startovn\u00ed pole. Stejn\u011b tak Carlos David Krej\u010da, kter\u00fd v si v ned\u011bli dop\u00e1dloval pro st\u0159\u00edbro.<\/p>\n<\/div><figure class=\"wp-block-media-text__media\"><img loading=\"lazy\" decoding=\"async\" width=\"1024\" height=\"682\" src=\"https:\/\/uskcanoe.cz\/wp-content\/uploads\/2025\/05\/04262025_DSC_0895-3-1024x682.jpg\" alt=\"\" class=\"wp-image-3662 size-full\" srcset=\"https:\/\/uskcanoe.cz\/wp-content\/uploads\/2025\/05\/04262025_DSC_0895-3-1024x682.jpg 1024w, https:\/\/uskcanoe.cz\/wp-content\/uploads\/2025\/05\/04262025_DSC_0895-3-300x200.jpg 300w, https:\/\/uskcanoe.cz\/wp-content\/uploads\/2025\/05\/04262025_DSC_0895-3-768x512.jpg 768w, https:\/\/uskcanoe.cz\/wp-content\/uploads\/2025\/05\/04262025_DSC_0895-3-1536x1024.jpg 1536w, https:\/\/uskcanoe.cz\/wp-content\/uploads\/2025\/05\/04262025_DSC_0895-3.jpg 2000w\" sizes=\"auto, (max-width: 1024px) 100vw, 1024px\" \/><\/figure><\/div>\n\n\n\n<div class=\"wp-block-media-text is-stacked-on-mobile\"><figure class=\"wp-block-media-text__media\"><img loading=\"lazy\" decoding=\"async\" width=\"1024\" height=\"682\" src=\"https:\/\/uskcanoe.cz\/wp-content\/uploads\/2025\/05\/04262025_DSC_0799-1-1024x682.jpg\" alt=\"\" class=\"wp-image-3663 size-full\" srcset=\"https:\/\/uskcanoe.cz\/wp-content\/uploads\/2025\/05\/04262025_DSC_0799-1-1024x682.jpg 1024w, https:\/\/uskcanoe.cz\/wp-content\/uploads\/2025\/05\/04262025_DSC_0799-1-300x200.jpg 300w, https:\/\/uskcanoe.cz\/wp-content\/uploads\/2025\/05\/04262025_DSC_0799-1-768x512.jpg 768w, https:\/\/uskcanoe.cz\/wp-content\/uploads\/2025\/05\/04262025_DSC_0799-1-1536x1024.jpg 1536w, https:\/\/uskcanoe.cz\/wp-content\/uploads\/2025\/05\/04262025_DSC_0799-1.jpg 2000w\" sizes=\"auto, (max-width: 1024px) 100vw, 1024px\" \/><\/figure><div class=\"wp-block-media-text__content\">\n<p>Nejv\u011bt\u0161\u00ed radost n\u00e1m ud\u011blaly kategorie dorostenek, star\u0161\u00edch \u017ea\u010dek a mlad\u0161\u00edch \u017e\u00e1k\u016f. Mezi dorostenkami se povedlo do TOP 6 dostat hned \u010dty\u0159em na\u0161im holk\u00e1m, v kategorii mlad\u0161\u00edch \u017e\u00e1k\u016f se v\u0161ech 5 na\u0161ich borc\u016f dostalo na body (TOP 18) a dv\u011b star\u0161\u00ed \u017ea\u010dky zvl\u00e1dly b\u00fdt v TOP 10. Cenn\u00e9 jsou i v\u00fdsledky na\u0161ich junior\u016f, kdy Maty\u00e1\u0161 Tich\u00fd p\u0159idal ke st\u0159\u00edbru \u0161est\u00e9 m\u00edsto a Lucie \u010cinovcov\u00e1 byla p\u00e1t\u00e1 a \u0161est\u00e1.<\/p>\n<\/div><\/div>\n\n\n\n<div class=\"wp-block-media-text has-media-on-the-right is-stacked-on-mobile\"><div class=\"wp-block-media-text__content\">\n<p>D\u011bkujeme za bojovnost, kterou jste uk\u00e1zali!<\/p>\n\n\n\n<p>TOP 10:<\/p>\n\n\n\n<p>1. m\u00edsto &#8211; 2x Ema Fibigrov\u00e1 (DKY), Kate\u0159ina Koz\u00e1kov\u00e1 (\u017dKY)<\/p>\n\n\n\n<p>2. m\u00edsto &#8211; Maty\u00e1\u0161 Tich\u00fd (J\u0158I), Carlos David Krej\u010da (\u017dCI)<\/p>\n\n\n\n<p>4. m\u00edsto &#8211; Linda S\u00fdkorov\u00e1 (DKY), Carlos David Krej\u010da (\u017dCI), Kate\u0159ina Koz\u00e1kov\u00e1 (\u017dKY)<\/p>\n\n\n\n<p>5. m\u00edsto &#8211; Lucie \u010cinovcov\u00e1 (JKY), Oliva Junkov\u00e1 (DKY)<\/p>\n\n\n\n<p>6. m\u00edsto &#8211; Maty\u00e1\u0161 Tich\u00fd (J\u0158I), Lucie \u010cinovcov\u00e1 (JKY), Matylda Rochov\u00e1 (DKY)<\/p>\n\n\n\n<p>7. m\u00edsto &#8211; Max Bud\u00edn (\u017dCI)<\/p>\n\n\n\n<p>8. m\u00edsto &#8211; Max Bud\u00edn (\u017dCI)<\/p>\n\n\n\n<p>10. m\u00edsto &#8211; Linda S\u00fdkorov\u00e1 (DKY), Julie Fibigrov\u00e1 (\u017dKY)<\/p>\n\n\n\n<p>Fotky: <a href=\"https:\/\/www.rajce.idnes.cz\/usksprintkayakfans\/album\/i-cp-vytrvalost-racice-2025\" target=\"_blank\" rel=\"noreferrer noopener\">https:\/\/www.rajce.idnes.cz\/&#8230;\/i-cp-vytrvalost-racice-2025<\/a><\/p>\n<\/div><figure class=\"wp-block-media-text__media\"><img loading=\"lazy\" decoding=\"async\" width=\"1024\" height=\"682\" src=\"https:\/\/uskcanoe.cz\/wp-content\/uploads\/2025\/05\/04262025_DSC_0227-1024x682.jpg\" alt=\"\" class=\"wp-image-3664 size-full\" srcset=\"https:\/\/uskcanoe.cz\/wp-content\/uploads\/2025\/05\/04262025_DSC_0227-1024x682.jpg 1024w, https:\/\/uskcanoe.cz\/wp-content\/uploads\/2025\/05\/04262025_DSC_0227-300x200.jpg 300w, https:\/\/uskcanoe.cz\/wp-content\/uploads\/2025\/05\/04262025_DSC_0227-768x512.jpg 768w, https:\/\/uskcanoe.cz\/wp-content\/uploads\/2025\/05\/04262025_DSC_0227-1536x1024.jpg 1536w, https:\/\/uskcanoe.cz\/wp-content\/uploads\/2025\/05\/04262025_DSC_0227.jpg 2000w\" sizes=\"auto, (max-width: 1024px) 100vw, 1024px\" \/><\/figure><\/div>\n","protected":false},"excerpt":{"rendered":"<p>Tak takhle bombastick\u00fd start do sez\u00f3ny 2025 jsme \u00fapln\u011b ne\u010dekali! Prvn\u00ed \u010cP ml\u00e1de\u017ee a hned 5 medail\u00ed. K tomu dal\u0161\u00edch 12 um\u00edst\u011bn\u00ed v top 10. Dv\u011b zlata z\u00edskala dorostenka Ema &#8230; <a title=\"1. \u010cesk\u00fd poh\u00e1r ml\u00e1de\u017ee\" class=\"read-more\" href=\"https:\/\/uskcanoe.cz\/en\/1-cesky-pohar-mladeze\/\" aria-label=\"More on 1. \u010cesk\u00fd poh\u00e1r ml\u00e1de\u017ee\">Read more<\/a><\/p>\n","protected":false},"author":2,"featured_media":0,"comment_status":"closed","ping_status":"open","sticky":false,"template":"","format":"standard","meta":{"rank_math_lock_modified_date":false,"footnotes":""},"categories":[19],"tags":[],"class_list":["post-3656","post","type-post","status-publish","format-standard","hentry","category-aktuality"],"_links":{"self":[{"href":"https:\/\/uskcanoe.cz\/en\/wp-json\/wp\/v2\/posts\/3656","targetHints":{"allow":["GET"]}}],"collection":[{"href":"https:\/\/uskcanoe.cz\/en\/wp-json\/wp\/v2\/posts"}],"about":[{"href":"https:\/\/uskcanoe.cz\/en\/wp-json\/wp\/v2\/types\/post"}],"author":[{"embeddable":true,"href":"https:\/\/uskcanoe.cz\/en\/wp-json\/wp\/v2\/users\/2"}],"replies":[{"embeddable":true,"href":"https:\/\/uskcanoe.cz\/en\/wp-json\/wp\/v2\/comments?post=3656"}],"version-history":[{"count":1,"href":"https:\/\/uskcanoe.cz\/en\/wp-json\/wp\/v2\/posts\/3656\/revisions"}],"predecessor-version":[{"id":3665,"href":"https:\/\/uskcanoe.cz\/en\/wp-json\/wp\/v2\/posts\/3656\/revisions\/3665"}],"wp:attachment":[{"href":"https:\/\/uskcanoe.cz\/en\/wp-json\/wp\/v2\/media?parent=3656"}],"wp:term":[{"taxonomy":"category","embeddable":true,"href":"https:\/\/uskcanoe.cz\/en\/wp-json\/wp\/v2\/categories?post=3656"},{"taxonomy":"post_tag","embeddable":true,"href":"https:\/\/uskcanoe.cz\/en\/wp-json\/wp\/v2\/tags?post=3656"}],"curies":[{"name":"wp","href":"https:\/\/api.w.org\/{rel}","templated":true}]}}