{"id":3666,"date":"2025-05-08T11:19:26","date_gmt":"2025-05-08T09:19:26","guid":{"rendered":"https:\/\/uskcanoe.cz\/?p=3666"},"modified":"2025-05-08T11:19:31","modified_gmt":"2025-05-08T09:19:31","slug":"popel-2025","status":"publish","type":"post","link":"https:\/\/uskcanoe.cz\/en\/popel-2025\/","title":{"rendered":"POPEL 2025"},"content":{"rendered":"\n<div class=\"wp-block-media-text has-media-on-the-right is-stacked-on-mobile\"><div class=\"wp-block-media-text__content\">\n<p>Stejn\u011b jako v minul\u00e9m roce se na prvn\u00edho m\u00e1je konal obl\u00edben\u00fd pra\u017esk\u00fd z\u00e1vod &#8211; Memori\u00e1l Karla Popela, kter\u00fd je sou\u010d\u00e1st\u00ed \u010cesk\u00e9ho poh\u00e1ru benjam\u00ednk\u016f. Poprv\u00e9 jsme tak v <a><\/a>leto\u0161n\u00ed sez\u00f3n\u011b vyslali t\u00fdm nejmlad\u0161\u00edch, z nich\u017e n\u011bkte\u0159\u00ed z\u00e1vodili \u00fapln\u011b poprv\u00e9. V\u0161echny z\u00e1vody se jely s hromadn\u00fdm startem, tak\u017ee konkurence byla opravdu velik\u00e1. I tak se dok\u00e1zali n\u011bkte\u0159\u00ed benjam\u00ednci dostat v celkov\u00e9m po\u0159ad\u00ed do top 10. \u0160t\u011bp\u00e1n Karban dokonce urval st\u0159\u00edbrnou medaili na deblkajaku benjam\u00ednk\u016f A. Na Popelu ale nestartovali jen benjam\u00ednci. Mezi veter\u00e1ny zv\u00edt\u011bzil Petr Moj\u017e\u00ed\u0161ek, st\u0159\u00edbrnou medaili vybojovali Jakub Janou\u0161 mezi dorostenci a Carlos David Krej\u010da mezi mlad\u0161\u00edmi \u017e\u00e1ky.<\/p>\n\n\n\n<p>Gratulujeme v\u0161em medailist\u016fm i mlad\u00fdm bojovn\u00edk\u016fm.<\/p>\n\n\n\n<p>Z\u00e1vodn\u00edci v TOP 3:<\/p>\n\n\n\n<p>m\u00edsto &#8211; Petr Moj\u017e\u00ed\u0161ek (K1 vet.)<\/p>\n\n\n\n<p>m\u00edsto &#8211; \u0160t\u011bp\u00e1n Karban (K2 Bci A), Carlos David Krej\u010da (K1 \u017dci ml.), Jakub Janou\u0161 (K1 DCI)<\/p>\n\n\n\n<p>Foto: <a href=\"https:\/\/www.rajce.idnes.cz\/usksprintkayakfans\/album\/memorial-dr-popela-kvs-2025\" target=\"_blank\" rel=\"noreferrer noopener\">https:\/\/www.rajce.idnes.cz\/&#8230;\/memorial-dr-popela-kvs-2025<\/a>?<\/p>\n<\/div><figure class=\"wp-block-media-text__media\"><img loading=\"lazy\" decoding=\"async\" width=\"1024\" height=\"682\" src=\"https:\/\/uskcanoe.cz\/wp-content\/uploads\/2025\/05\/495050941_1607015583570641_8174860467115260306_n-1024x682.jpg\" alt=\"\" class=\"wp-image-3667 size-full\" srcset=\"https:\/\/uskcanoe.cz\/wp-content\/uploads\/2025\/05\/495050941_1607015583570641_8174860467115260306_n-1024x682.jpg 1024w, https:\/\/uskcanoe.cz\/wp-content\/uploads\/2025\/05\/495050941_1607015583570641_8174860467115260306_n-300x200.jpg 300w, https:\/\/uskcanoe.cz\/wp-content\/uploads\/2025\/05\/495050941_1607015583570641_8174860467115260306_n-768x512.jpg 768w, https:\/\/uskcanoe.cz\/wp-content\/uploads\/2025\/05\/495050941_1607015583570641_8174860467115260306_n-1536x1024.jpg 1536w, https:\/\/uskcanoe.cz\/wp-content\/uploads\/2025\/05\/495050941_1607015583570641_8174860467115260306_n.jpg 2000w\" sizes=\"auto, (max-width: 1024px) 100vw, 1024px\" \/><\/figure><\/div>\n","protected":false},"excerpt":{"rendered":"<p>Stejn\u011b jako v minul\u00e9m roce se na prvn\u00edho m\u00e1je konal obl\u00edben\u00fd pra\u017esk\u00fd z\u00e1vod &#8211; Memori\u00e1l Karla Popela, kter\u00fd je sou\u010d\u00e1st\u00ed \u010cesk\u00e9ho poh\u00e1ru benjam\u00ednk\u016f. Poprv\u00e9 jsme tak v leto\u0161n\u00ed sez\u00f3n\u011b vyslali &#8230; <a title=\"POPEL 2025\" class=\"read-more\" href=\"https:\/\/uskcanoe.cz\/en\/popel-2025\/\" aria-label=\"More on POPEL 2025\">Read more<\/a><\/p>\n","protected":false},"author":2,"featured_media":0,"comment_status":"closed","ping_status":"open","sticky":false,"template":"","format":"standard","meta":{"rank_math_lock_modified_date":false,"footnotes":""},"categories":[19],"tags":[],"class_list":["post-3666","post","type-post","status-publish","format-standard","hentry","category-aktuality"],"_links":{"self":[{"href":"https:\/\/uskcanoe.cz\/en\/wp-json\/wp\/v2\/posts\/3666","targetHints":{"allow":["GET"]}}],"collection":[{"href":"https:\/\/uskcanoe.cz\/en\/wp-json\/wp\/v2\/posts"}],"about":[{"href":"https:\/\/uskcanoe.cz\/en\/wp-json\/wp\/v2\/types\/post"}],"author":[{"embeddable":true,"href":"https:\/\/uskcanoe.cz\/en\/wp-json\/wp\/v2\/users\/2"}],"replies":[{"embeddable":true,"href":"https:\/\/uskcanoe.cz\/en\/wp-json\/wp\/v2\/comments?post=3666"}],"version-history":[{"count":1,"href":"https:\/\/uskcanoe.cz\/en\/wp-json\/wp\/v2\/posts\/3666\/revisions"}],"predecessor-version":[{"id":3668,"href":"https:\/\/uskcanoe.cz\/en\/wp-json\/wp\/v2\/posts\/3666\/revisions\/3668"}],"wp:attachment":[{"href":"https:\/\/uskcanoe.cz\/en\/wp-json\/wp\/v2\/media?parent=3666"}],"wp:term":[{"taxonomy":"category","embeddable":true,"href":"https:\/\/uskcanoe.cz\/en\/wp-json\/wp\/v2\/categories?post=3666"},{"taxonomy":"post_tag","embeddable":true,"href":"https:\/\/uskcanoe.cz\/en\/wp-json\/wp\/v2\/tags?post=3666"}],"curies":[{"name":"wp","href":"https:\/\/api.w.org\/{rel}","templated":true}]}}