{"id":3689,"date":"2025-10-24T15:26:48","date_gmt":"2025-10-24T13:26:48","guid":{"rendered":"https:\/\/uskcanoe.cz\/?p=3689"},"modified":"2025-10-24T15:26:51","modified_gmt":"2025-10-24T13:26:51","slug":"olympijske-nadeje-2025","status":"publish","type":"post","link":"https:\/\/uskcanoe.cz\/en\/olympijske-nadeje-2025\/","title":{"rendered":"Olympijsk\u00e9 nad\u011bje 2025"},"content":{"rendered":"\n<div class=\"wp-block-media-text is-stacked-on-mobile\"><figure class=\"wp-block-media-text__media\"><img loading=\"lazy\" decoding=\"async\" width=\"1024\" height=\"682\" src=\"https:\/\/uskcanoe.cz\/wp-content\/uploads\/2025\/10\/EMA-_OH-1024x682.jpg\" alt=\"\" class=\"wp-image-3690 size-full\" srcset=\"https:\/\/uskcanoe.cz\/wp-content\/uploads\/2025\/10\/EMA-_OH-1024x682.jpg 1024w, https:\/\/uskcanoe.cz\/wp-content\/uploads\/2025\/10\/EMA-_OH-300x200.jpg 300w, https:\/\/uskcanoe.cz\/wp-content\/uploads\/2025\/10\/EMA-_OH-768x511.jpg 768w, https:\/\/uskcanoe.cz\/wp-content\/uploads\/2025\/10\/EMA-_OH.jpg 1440w\" sizes=\"auto, (max-width: 1024px) 100vw, 1024px\" \/><\/figure><div class=\"wp-block-media-text__content\">\n<p>V z\u00e1\u0159\u00ed se v Ra\u010dic\u00edch konal nejv\u011bt\u0161\u00ed mezin\u00e1rodn\u00ed z\u00e1vod pro dorost a juniory &#8211; z\u00e1vod olympijsk\u00fdch nad\u011bj\u00ed. Tentokr\u00e1t n\u00e1s zastupovala jedin\u00e1 z\u00e1vodnice, Ema Fibigrov\u00e1. Ta se ve sv\u011btov\u00e9 konkurenci neztratila a vybojovala kr\u00e1sn\u00e9 \u010dtvrt\u00e9 m\u00edsto na K1 500 m a dv\u011b p\u00e1t\u00e1 m\u00edsta na K1 1000 m a K4 500 m. D\u011bkujeme za skv\u011blou reprezentaci a t\u011b\u0161\u00edme se na dal\u0161\u00ed z\u00e1vody t\u00e9hle rakety. <\/p>\n\n\n\n<p>.<\/p>\n<\/div><\/div>\n","protected":false},"excerpt":{"rendered":"<p>V z\u00e1\u0159\u00ed se v Ra\u010dic\u00edch konal nejv\u011bt\u0161\u00ed mezin\u00e1rodn\u00ed z\u00e1vod pro dorost a juniory &#8211; z\u00e1vod olympijsk\u00fdch nad\u011bj\u00ed. Tentokr\u00e1t n\u00e1s zastupovala jedin\u00e1 z\u00e1vodnice, Ema Fibigrov\u00e1. Ta se ve sv\u011btov\u00e9 konkurenci neztratila &#8230; <a title=\"Olympijsk\u00e9 nad\u011bje 2025\" class=\"read-more\" href=\"https:\/\/uskcanoe.cz\/en\/olympijske-nadeje-2025\/\" aria-label=\"More on Olympijsk\u00e9 nad\u011bje 2025\">Read more<\/a><\/p>\n","protected":false},"author":2,"featured_media":0,"comment_status":"closed","ping_status":"open","sticky":false,"template":"","format":"standard","meta":{"rank_math_lock_modified_date":false,"footnotes":""},"categories":[19],"tags":[],"class_list":["post-3689","post","type-post","status-publish","format-standard","hentry","category-aktuality"],"_links":{"self":[{"href":"https:\/\/uskcanoe.cz\/en\/wp-json\/wp\/v2\/posts\/3689","targetHints":{"allow":["GET"]}}],"collection":[{"href":"https:\/\/uskcanoe.cz\/en\/wp-json\/wp\/v2\/posts"}],"about":[{"href":"https:\/\/uskcanoe.cz\/en\/wp-json\/wp\/v2\/types\/post"}],"author":[{"embeddable":true,"href":"https:\/\/uskcanoe.cz\/en\/wp-json\/wp\/v2\/users\/2"}],"replies":[{"embeddable":true,"href":"https:\/\/uskcanoe.cz\/en\/wp-json\/wp\/v2\/comments?post=3689"}],"version-history":[{"count":1,"href":"https:\/\/uskcanoe.cz\/en\/wp-json\/wp\/v2\/posts\/3689\/revisions"}],"predecessor-version":[{"id":3691,"href":"https:\/\/uskcanoe.cz\/en\/wp-json\/wp\/v2\/posts\/3689\/revisions\/3691"}],"wp:attachment":[{"href":"https:\/\/uskcanoe.cz\/en\/wp-json\/wp\/v2\/media?parent=3689"}],"wp:term":[{"taxonomy":"category","embeddable":true,"href":"https:\/\/uskcanoe.cz\/en\/wp-json\/wp\/v2\/categories?post=3689"},{"taxonomy":"post_tag","embeddable":true,"href":"https:\/\/uskcanoe.cz\/en\/wp-json\/wp\/v2\/tags?post=3689"}],"curies":[{"name":"wp","href":"https:\/\/api.w.org\/{rel}","templated":true}]}}